{"id":4033,"date":"2022-09-01T10:42:06","date_gmt":"2022-09-01T10:42:06","guid":{"rendered":"https:\/\/areabadalona.com\/diario\/?p=4033"},"modified":"2022-09-01T10:42:07","modified_gmt":"2022-09-01T10:42:07","slug":"el-centre-de-normalitzacio-linguistica-de-badalona-i-sant-adria-ofereix-mes-de-40-cursos-de-catala-al-setembre","status":"publish","type":"post","link":"https:\/\/areabadalona.com\/diario\/2022\/09\/01\/el-centre-de-normalitzacio-linguistica-de-badalona-i-sant-adria-ofereix-mes-de-40-cursos-de-catala-al-setembre\/","title":{"rendered":"El Centre de Normalitzaci\u00f3 Ling\u00fc\u00edstica de Badalona i Sant Adri\u00e0  ofereix m\u00e9s de 40 cursos de catal\u00e0 al setembre\u00a0"},"content":{"rendered":"\n<p>Entre els centres de Badalona i Sant Adri\u00e0 de Bes\u00f2s, s\u2019oferiran m\u00e9s de 40 cursos de catal\u00e0 el primer trimestre del curs 2022-23, <a href=\"https:\/\/www.cpnl.cat\/cursos-de-catala\/cursos-generals\/\">de tots els nivells<\/a>.&nbsp;<\/p>\n\n\n\n<p>La major part dels cursos es faran en format presencial. A banda, el CPNL mant\u00e9 l&#8217;opci\u00f3 de cursar la modalitat en l\u00ednia, en qu\u00e8 no hi ha horaris fixos i l\u2019alumne segueix el curs d\u2019acord amb un pla de treball establert pel tutor. &nbsp;<\/p>\n\n\n\n<p>La <strong>inscripci\u00f3<\/strong> ser\u00e0 entre el <strong>12 i el 16 setembre<\/strong>. Concretament, els dies 12 i 13 s&#8217;habilitar\u00e0 un torn d&#8217;<strong>inscripci\u00f3 preferent<\/strong> per als alumnes que hagin fet un curs al CPNL durant l&#8217;\u00faltim any. Entre el 14 i el 16 de setembre, s&#8217;obrir\u00e0 el per\u00edode de <strong>torn general<\/strong> per a tothom. La inscripci\u00f3, que s&#8217;at\u00e9n per ordre d&#8217;arribada, es podr\u00e0 fer en l\u00ednia <a href=\"https:\/\/www.cpnl.cat\/inscripcions\/\">a trav\u00e9s de la plataforma d&#8217;inscripci\u00f3 i tr\u00e0mits<\/a> o presencialment, tant a Badalona com a Sant Adri\u00e0.&nbsp;<\/p>\n\n\n\n<p>Del 5 al 9 de setembre es poden sol\u00b7licitar les <strong>proves de col\u00b7locaci\u00f3<\/strong>. Amb aquesta prova es determinen els coneixements de catal\u00e0 dels nous alumnes per poder-se matricular a un curs que s&#8217;adeq\u00fci al nivell de llengua de cadasc\u00fa. \u00c9s un <a href=\"https:\/\/www.cpnl.cat\/inscripcions\/abans\/\">pas previ a la inscripci\u00f3<\/a> si no es disposa d&#8217;un <a href=\"https:\/\/llengua.gencat.cat\/ca\/serveis\/acreditacio_coneixements\/certificats_de_catala\/equivalencies-acreditacions\/\">certificat oficial de catal\u00e0<\/a> o si no s&#8217;ha fet aquesta prova de col\u00b7locaci\u00f3 en els \u00faltims dos anys.&nbsp;<\/p>\n\n\n\n<p><strong>Cursos del C2 en l\u00ednia, semestrals i anuals<\/strong> &nbsp;<\/p>\n\n\n\n<p><strong>En aquesta inscripci\u00f3 del setembre<\/strong>, <a href=\"https:\/\/www.cpnl.cat\/cursos-de-catala\/cursos-generals-nivell-superior\/\">s&#8217;oferiran 2 cursos del nivell superior (C2),<\/a> que seran en l\u00ednia, per tal de facilitar la gesti\u00f3 hor\u00e0ria i l&#8217;autoaprenentatge de l&#8217;alumne. &nbsp;<\/p>\n\n\n\n<p><strong>Com a novetat, hi haur\u00e0 dos formats diferents per fer el curs<\/strong><strong>. D&#8217;una banda, l&#8217;anual<\/strong>, que consta de 90 hores i es far\u00e0 al llarg del curs acad\u00e8mic i, de l&#8217;altra, el format <strong>semestral<\/strong>, que es podr\u00e0 cursar de setembre a febrer, amb el mateix nombre d&#8217;hores per\u00f2 que requerir\u00e0 una dedicaci\u00f3 hor\u00e0ria m\u00e9s intensiva de l&#8217;alumne. En ambd\u00f3s casos es far\u00e0 un examen final presencial que, si el supera l&#8217;estudiant , li atorgar\u00e0 la titulaci\u00f3 oficial.&nbsp;<\/p>\n\n\n\n<p>Els cursos de nivell inicial i b\u00e0sic es mantenen gratu\u00efts. Una altra novetat important \u00e9s que <strong>s&#8217;amplia a tots els nivells el dret a una<\/strong> <a href=\"https:\/\/www.cpnl.cat\/cursos-de-catala\/reduccions-matricula\/\">reducci\u00f3 del 50 o el 70% de la matr\u00edcula.<\/a> Se&#8217;n podran beneficiar les persones en situaci\u00f3 d&#8217;atur, pensionistes, de fam\u00edlia monoparental o nombrosa o que tinguin una discapacitat reconeguda.&nbsp;<\/p>\n","protected":false},"excerpt":{"rendered":"<p>Entre els centres de Badalona i Sant Adri\u00e0 de Bes\u00f2s, s\u2019oferiran m\u00e9s de 40 cursos de catal\u00e0 el primer trimestre del curs 2022-23, de tots els nivells.&nbsp; La major part dels cursos es faran en format presencial. A banda, el CPNL mant\u00e9 l&#8217;opci\u00f3 de cursar la modalitat en l\u00ednia, en qu\u00e8 no hi ha horaris [&hellip;]<\/p>\n","protected":false},"author":2,"featured_media":4034,"comment_status":"open","ping_status":"open","sticky":false,"template":"","format":"standard","meta":{"footnotes":""},"categories":[23],"tags":[],"class_list":{"0":"post-4033","1":"post","2":"type-post","3":"status-publish","4":"format-standard","5":"has-post-thumbnail","7":"category-actualitat"},"_links":{"self":[{"href":"https:\/\/areabadalona.com\/diario\/wp-json\/wp\/v2\/posts\/4033","targetHints":{"allow":["GET"]}}],"collection":[{"href":"https:\/\/areabadalona.com\/diario\/wp-json\/wp\/v2\/posts"}],"about":[{"href":"https:\/\/areabadalona.com\/diario\/wp-json\/wp\/v2\/types\/post"}],"author":[{"embeddable":true,"href":"https:\/\/areabadalona.com\/diario\/wp-json\/wp\/v2\/users\/2"}],"replies":[{"embeddable":true,"href":"https:\/\/areabadalona.com\/diario\/wp-json\/wp\/v2\/comments?post=4033"}],"version-history":[{"count":1,"href":"https:\/\/areabadalona.com\/diario\/wp-json\/wp\/v2\/posts\/4033\/revisions"}],"predecessor-version":[{"id":4035,"href":"https:\/\/areabadalona.com\/diario\/wp-json\/wp\/v2\/posts\/4033\/revisions\/4035"}],"wp:featuredmedia":[{"embeddable":true,"href":"https:\/\/areabadalona.com\/diario\/wp-json\/wp\/v2\/media\/4034"}],"wp:attachment":[{"href":"https:\/\/areabadalona.com\/diario\/wp-json\/wp\/v2\/media?parent=4033"}],"wp:term":[{"taxonomy":"category","embeddable":true,"href":"https:\/\/areabadalona.com\/diario\/wp-json\/wp\/v2\/categories?post=4033"},{"taxonomy":"post_tag","embeddable":true,"href":"https:\/\/areabadalona.com\/diario\/wp-json\/wp\/v2\/tags?post=4033"}],"curies":[{"name":"wp","href":"https:\/\/api.w.org\/{rel}","templated":true}]}}