{"id":3995,"date":"2022-07-29T11:20:09","date_gmt":"2022-07-29T11:20:09","guid":{"rendered":"https:\/\/areabadalona.com\/diario\/?p=3995"},"modified":"2022-07-29T11:20:10","modified_gmt":"2022-07-29T11:20:10","slug":"la-cantant-paula-dominguez-tanca-aquest-dissabte-el-programa-dactivitats-viu-lestiu-a-badalona-2022-amb-un-concert-a-lescorxador","status":"publish","type":"post","link":"https:\/\/areabadalona.com\/diario\/2022\/07\/29\/la-cantant-paula-dominguez-tanca-aquest-dissabte-el-programa-dactivitats-viu-lestiu-a-badalona-2022-amb-un-concert-a-lescorxador\/","title":{"rendered":"La cantant Paula Dom\u00ednguez tanca aquest dissabte el programa  d\u2019activitats \u2018Viu l\u2019estiu a Badalona 2022\u2019 amb un concert a l\u2019Escorxador\u00a0"},"content":{"rendered":"\n<p>La cantant malaguenya Paula Dom\u00ednguez ser\u00e0 l\u2019encarregada de tancar aquest dissabte 30 de juliol el programa d\u2019activitats \u2018Viu l\u2019estiu a Badalona 2022\u2019 amb un concert al Centre Cultural l\u2019Escorxador. L\u2019actuaci\u00f3 comen\u00e7ar\u00e0 a les 22 hores i l\u2019acc\u00e9s ser\u00e0 gratu\u00eft. &nbsp;<\/p>\n\n\n\n<p>Paula Dom\u00ednguez \u00e9s llicenciada en estudis musicals superiors en la modalitat de flamenc i t\u00e9 una dilatada carrera professional. Al llarg de la seva traject\u00f2ria ha treballat i col\u00b7laborat amb artistes com Santiago Auser\u00f3n, Rosal\u00eda, Hugo, Cris Juanico, Maika Makovski, Frank Diago, Arc\u00e0ngel, Kiki Morente y Argentina, i en projectes com la Cuban Sound Project, de Demetrio Mu\u00f1iz, l&#8217;Orquestra Simf\u00f2nica de Gal\u00edcia, l&#8217;Orquestra Simf\u00f2nica del Vall\u00e8s, les Bandes Municipals de Barcelona i de Santiago de Compostel\u00b7la, entre altres. A m\u00e9s, ha actuat en festivals nacionals i internacionals en gires amb Lenacay i Pat\u00e1x, actuant a Gr\u00e8cia, Corea, el Regne Unit, Su\u00e8cia, Fran\u00e7a, It\u00e0lia o Litu\u00e0nia.&nbsp;<\/p>\n\n\n\n<p>L\u2019artista compta amb diversos discos amb les diferents formacions musicals de les quals ha format part i ha aportat can\u00e7ons de la seva autoria en dos d&#8217;aquests projectes: Lenacay i Aire. Actualment, empr\u00e8n la seva carrera en solitari com a compositora i lletrista.&nbsp;<\/p>\n","protected":false},"excerpt":{"rendered":"<p>La cantant malaguenya Paula Dom\u00ednguez ser\u00e0 l\u2019encarregada de tancar aquest dissabte 30 de juliol el programa d\u2019activitats \u2018Viu l\u2019estiu a Badalona 2022\u2019 amb un concert al Centre Cultural l\u2019Escorxador. L\u2019actuaci\u00f3 comen\u00e7ar\u00e0 a les 22 hores i l\u2019acc\u00e9s ser\u00e0 gratu\u00eft. &nbsp; Paula Dom\u00ednguez \u00e9s llicenciada en estudis musicals superiors en la modalitat de flamenc i t\u00e9 [&hellip;]<\/p>\n","protected":false},"author":2,"featured_media":3996,"comment_status":"open","ping_status":"open","sticky":false,"template":"","format":"standard","meta":{"footnotes":""},"categories":[25],"tags":[],"class_list":{"0":"post-3995","1":"post","2":"type-post","3":"status-publish","4":"format-standard","5":"has-post-thumbnail","7":"category-cultura"},"_links":{"self":[{"href":"https:\/\/areabadalona.com\/diario\/wp-json\/wp\/v2\/posts\/3995","targetHints":{"allow":["GET"]}}],"collection":[{"href":"https:\/\/areabadalona.com\/diario\/wp-json\/wp\/v2\/posts"}],"about":[{"href":"https:\/\/areabadalona.com\/diario\/wp-json\/wp\/v2\/types\/post"}],"author":[{"embeddable":true,"href":"https:\/\/areabadalona.com\/diario\/wp-json\/wp\/v2\/users\/2"}],"replies":[{"embeddable":true,"href":"https:\/\/areabadalona.com\/diario\/wp-json\/wp\/v2\/comments?post=3995"}],"version-history":[{"count":1,"href":"https:\/\/areabadalona.com\/diario\/wp-json\/wp\/v2\/posts\/3995\/revisions"}],"predecessor-version":[{"id":3997,"href":"https:\/\/areabadalona.com\/diario\/wp-json\/wp\/v2\/posts\/3995\/revisions\/3997"}],"wp:featuredmedia":[{"embeddable":true,"href":"https:\/\/areabadalona.com\/diario\/wp-json\/wp\/v2\/media\/3996"}],"wp:attachment":[{"href":"https:\/\/areabadalona.com\/diario\/wp-json\/wp\/v2\/media?parent=3995"}],"wp:term":[{"taxonomy":"category","embeddable":true,"href":"https:\/\/areabadalona.com\/diario\/wp-json\/wp\/v2\/categories?post=3995"},{"taxonomy":"post_tag","embeddable":true,"href":"https:\/\/areabadalona.com\/diario\/wp-json\/wp\/v2\/tags?post=3995"}],"curies":[{"name":"wp","href":"https:\/\/api.w.org\/{rel}","templated":true}]}}