{"id":3987,"date":"2022-07-27T16:20:00","date_gmt":"2022-07-27T16:20:00","guid":{"rendered":"https:\/\/areabadalona.com\/diario\/?p=3987"},"modified":"2022-07-28T09:21:36","modified_gmt":"2022-07-28T09:21:36","slug":"les-obres-per-fer-els-primers-250-metres-del-canal-del-gorg-avancen-segons-el-calendari-programat-pi-estaran-enllestides-durant-la-primavera-de-2023","status":"publish","type":"post","link":"https:\/\/areabadalona.com\/diario\/2022\/07\/27\/les-obres-per-fer-els-primers-250-metres-del-canal-del-gorg-avancen-segons-el-calendari-programat-pi-estaran-enllestides-durant-la-primavera-de-2023\/","title":{"rendered":"Les obres per fer els primers 250 metres del canal del Gorg  avancen segons el calendari programat pi estaran enllestides durant la primavera  de 2023\u00a0"},"content":{"rendered":"\n<p>Les obres per fer els primers 250 metres del canal del Gorg, que van iniciar-se fa dos mesos, avancen segons el calendari programat i estaran enllestides durant la primavera de 2023. Aquesta primera fase inclou l\u2019adequaci\u00f3 de l\u2019espai per al desviament provisional de les vies del ferrocarril, tal com demana Adif, i que \u00e9s imprescindible per no interrompre el servei del ferrocarril mentre es construeix el viaducte definitiu.&nbsp;<\/p>\n\n\n\n<p>L\u2019alcalde de Badalona, Rub\u00e9n Guijarro, ha visitat aquest dimecres al mat\u00ed les obres del canal juntament amb el sis\u00e8 tinent d\u2019alcaldia i regidor de l\u2019\u00c0mbit de Govern i Seguretat Ciutadana, Christian Carneado, la regidora de Cultura i Mobilitat, Anna Maria Lara, i el gerent de Marina de Badalona, Imanol Sanz. Durant la visita han rebut les explicacions dels responsables de les obres, que han detallat els treballs de regeneraci\u00f3 ambiental que s\u2019estan executant actualment en l\u2019espai que primer acollir\u00e0 la plataforma del desviament del tren i despr\u00e9s un passeig per a vianants.&nbsp;&nbsp;&nbsp; &nbsp;<\/p>\n\n\n\n<p>Concretament, en aquesta \u00e0rea s\u2019estan retirant les terres actuals (que s\u00f3n reblerts d\u2019antics abocaments no aptes per a l\u2019\u00fas urb\u00e0&nbsp; al qual est\u00e0 destinat aquest espai) i s\u2019estan garbellant i separant abans de transportar-les a un abocador. Aquest proc\u00e9s inclou diferents mesures correctores per evitar la&nbsp; dispersi\u00f3 de la pols, com&nbsp; freq\u00fc\u00e8ncia de rec amb aigua i un sistema per rentar les rodes dels vehicles pesants que participen en les obres, entre d\u2019altres.&nbsp;<\/p>\n\n\n\n<p>Un cop retirades les terres impactades d\u2019aquest punt es recuperar\u00e0 la&nbsp; cota del terreny actual per on ha de transitar el desviament del ferrocarril i preparar l\u2019espai en els termes ambientals i geot\u00e8cnics adequats. Aquesta reposici\u00f3 de terres es realitza&nbsp; amb les sorres del canal, que majorit\u00e0riament estan en bones condicions. &nbsp;<\/p>\n\n\n\n<p>Durant la visita, l\u2019alcalde de Badalona, Rub\u00e9n Guijarro, s\u2019ha mostrat satisfet pel ritme de les obres i ha recordat \u201cque la construcci\u00f3 d\u2019aquest canal \u00e9s un projecte que s\u2019ha perseguit durant molts anys i que ara per fi comen\u00e7a a ser una realitat\u201d. Guijarro ha destacat que \u201cel nou canal suposar\u00e0 un salt endavant molt gran per a Badalona, que tindr\u00e0 una nova centralitat i esdevindr\u00e0 una ciutat m\u00e9s atractiva i cohesionada\u201d. &nbsp;<\/p>\n","protected":false},"excerpt":{"rendered":"<p>Les obres per fer els primers 250 metres del canal del Gorg, que van iniciar-se fa dos mesos, avancen segons el calendari programat i estaran enllestides durant la primavera de 2023. Aquesta primera fase inclou l\u2019adequaci\u00f3 de l\u2019espai per al desviament provisional de les vies del ferrocarril, tal com demana Adif, i que \u00e9s imprescindible [&hellip;]<\/p>\n","protected":false},"author":2,"featured_media":3988,"comment_status":"open","ping_status":"open","sticky":false,"template":"","format":"standard","meta":{"footnotes":""},"categories":[23],"tags":[],"class_list":{"0":"post-3987","1":"post","2":"type-post","3":"status-publish","4":"format-standard","5":"has-post-thumbnail","7":"category-actualitat"},"_links":{"self":[{"href":"https:\/\/areabadalona.com\/diario\/wp-json\/wp\/v2\/posts\/3987","targetHints":{"allow":["GET"]}}],"collection":[{"href":"https:\/\/areabadalona.com\/diario\/wp-json\/wp\/v2\/posts"}],"about":[{"href":"https:\/\/areabadalona.com\/diario\/wp-json\/wp\/v2\/types\/post"}],"author":[{"embeddable":true,"href":"https:\/\/areabadalona.com\/diario\/wp-json\/wp\/v2\/users\/2"}],"replies":[{"embeddable":true,"href":"https:\/\/areabadalona.com\/diario\/wp-json\/wp\/v2\/comments?post=3987"}],"version-history":[{"count":1,"href":"https:\/\/areabadalona.com\/diario\/wp-json\/wp\/v2\/posts\/3987\/revisions"}],"predecessor-version":[{"id":3989,"href":"https:\/\/areabadalona.com\/diario\/wp-json\/wp\/v2\/posts\/3987\/revisions\/3989"}],"wp:featuredmedia":[{"embeddable":true,"href":"https:\/\/areabadalona.com\/diario\/wp-json\/wp\/v2\/media\/3988"}],"wp:attachment":[{"href":"https:\/\/areabadalona.com\/diario\/wp-json\/wp\/v2\/media?parent=3987"}],"wp:term":[{"taxonomy":"category","embeddable":true,"href":"https:\/\/areabadalona.com\/diario\/wp-json\/wp\/v2\/categories?post=3987"},{"taxonomy":"post_tag","embeddable":true,"href":"https:\/\/areabadalona.com\/diario\/wp-json\/wp\/v2\/tags?post=3987"}],"curies":[{"name":"wp","href":"https:\/\/api.w.org\/{rel}","templated":true}]}}