{"id":3979,"date":"2022-07-26T10:15:57","date_gmt":"2022-07-26T10:15:57","guid":{"rendered":"https:\/\/areabadalona.com\/diario\/?p=3979"},"modified":"2022-07-26T10:15:58","modified_gmt":"2022-07-26T10:15:58","slug":"badalona-celebra-la-festa-major-amb-un-programa-de-tres-dies-basat-en-la-musica-i-la-cultura-popular","status":"publish","type":"post","link":"https:\/\/areabadalona.com\/diario\/2022\/07\/26\/badalona-celebra-la-festa-major-amb-un-programa-de-tres-dies-basat-en-la-musica-i-la-cultura-popular\/","title":{"rendered":"Badalona celebra la Festa Major amb un programa de tres dies basat  en la m\u00fasica i la cultura popular\u00a0"},"content":{"rendered":"\n<p>Badalona tornar\u00e0 a omplir-se d\u2019activitats l\u00fadiques i culturals els pr\u00f2xims 14, 15 i 16 d\u2019agost amb la celebraci\u00f3 de la tradicional Festa Major, que enguany recupera la normalitat despr\u00e9s de dos anys marcats pel context sanitari. Les actuacions musicals i la cultura tradicional i popular tornaran a ser els eixos centrals del programa d\u2019activitats. Enguany, els principals concerts de la Festa Major aniran a c\u00e0rrec del grup de m\u00fasica urbana 31 FAM i el grup de hip-hop catal\u00e0 Senyor Oca.&nbsp;<\/p>\n\n\n\n<p>En el marc de la Festa Major, entre els dies 1 i 19 d\u2019agost es podr\u00e0 visitar a la planta baixa de la Casa de la Vila l\u2019exposici\u00f3 \u2018Arrenglerats a la Platja\u2019 Els envelats i la Festa Major. La mostra s\u2019inaugurar\u00e0 l\u20191 d\u2019agost a les 19 hores i es podr\u00e0 visitar d\u201911 a 14 hores i de 16 a 21 hores.&nbsp;<\/p>\n\n\n\n<p><strong>Diumenge 14 d\u2019agost:&nbsp;<\/strong><\/p>\n\n\n\n<p>18 h &#8211; <strong>REPIC DE FESTA<\/strong> \u2013 A l\u2019esgl\u00e9sia de Santa Maria &nbsp;<\/p>\n\n\n\n<p>A c\u00e0rrec de Campaners de Badalona.&nbsp;<\/p>\n\n\n\n<p>20 h &#8211; &nbsp;<strong>TRONADA \/ PREG\u00d3 \/ BALL A PLA\u00c7A<\/strong> \u2013 A la pla\u00e7a de la Vila&nbsp;<\/p>\n\n\n\n<p>&nbsp;Hi participen els balls de Miquelets, diables, Drac Fumera, dragolins Xarop, &nbsp;<\/p>\n\n\n\n<p>Pomada i Xeringueta, Mulassa, gegants&nbsp; Jeroni i Badamar i Elionor de Sant Climent &nbsp;i Ferrer de Gualbes, bastons i castellers.&nbsp;<\/p>\n\n\n\n<p><strong>CERCAVILA&nbsp;<\/strong><\/p>\n\n\n\n<p>Recorregut: carrers de Francesc Layret, de la Merc\u00e8 i passeig de la Rambla.&nbsp;<\/p>\n\n\n\n<p>22 h &#8211; <strong>CASTELL DE FOCS<\/strong> a la platja dels Pescadors&nbsp;<\/p>\n\n\n\n<p>A continuaci\u00f3, al passeig de la Rambla <strong>CONCERT DE FESTA MAJOR<\/strong>:&nbsp;<\/p>\n\n\n\n<ul class=\"wp-block-list\"><li><strong>LA CENTRAL<\/strong>: Grup de versions amb els millors grans \u00e8xits.<\/li><li><strong>31 FAM:<\/strong> El grup referent de m\u00fasica urbana del pa\u00eds<\/li><\/ul>\n\n\n\n<p><strong>Dilluns 15 d\u2019agost:&nbsp;<\/strong><\/p>\n\n\n\n<p>8 h \u2013 <strong>MATINADES<\/strong> als carrers del Centre i de Dalt la Vila&nbsp;<\/p>\n\n\n\n<p>A c\u00e0rrec del ball de Diables de Badalona i grups de grallers.&nbsp;<\/p>\n\n\n\n<p>10.30 h \u2013 <strong>ANADA A OFICI<\/strong> a la pla\u00e7a de la Vila&nbsp;<\/p>\n\n\n\n<p>Els balls aniran a ofici passant pels carrers de Sant Anastasi, Via Augusta i del Temple.&nbsp;<\/p>\n\n\n\n<p>10.45 h \u2013 <strong>REPIC DE FESTA<\/strong> a l\u2019esgl\u00e9sia de Santa Maria &nbsp;<\/p>\n\n\n\n<p>A c\u00e0rrec de Campaners de Badalona.&nbsp;<\/p>\n\n\n\n<p>11 h \u2013 <strong>OFICI SOLEMNE<\/strong> a l\u2019esgl\u00e9sia de Santa Maria&nbsp;<\/p>\n\n\n\n<p>A continuaci\u00f3, a la pla\u00e7a de Barber\u00e0, <strong>BALL DE GEGANTS<\/strong> i <strong>TORNADA D\u2019OFICI.<\/strong> Tots els balls tornaran d\u2019ofici en cercavila &nbsp;fins a la pla\u00e7a de la Vila, on ballaran.&nbsp;<\/p>\n\n\n\n<p>14.30 h \u2013 <strong>DINAR POPULAR<\/strong> al passeig de la Rambla.&nbsp;<\/p>\n\n\n\n<p>A c\u00e0rrec de la Comissi\u00f3 de Festes de Badalona. Trobareu m\u00e9s informaci\u00f3 al web <a href=\"file:\/\/\/C:\\Users\\SNB\\AppData\\Roaming\\Microsoft\\Word\\agendacultural.badalona.cat\">agendacultural.badalona.cat<\/a>&nbsp;<\/p>\n\n\n\n<p>18 h \u2013 <strong>CONCERT INFANTIL:&nbsp; VERSIONS PER A XICS<\/strong> al passeig de la Rambla&nbsp;<\/p>\n\n\n\n<p>19 h \u2013 <strong>BALLADA DE SARDANES: COBLA PREMI\u00c0<\/strong> al passeig de la Rambla. A c\u00e0rrec de Badalona Sardanista.&nbsp;<\/p>\n\n\n\n<p>22 h \u2013 &nbsp;<strong>BANY DE B\u00c8STIES<\/strong> a la platja dels Pescadors&nbsp;<\/p>\n\n\n\n<p>Recorregut: passeig Mar\u00edtim, platja dels Pescadors i platja del Pont d\u2019en Botifarreta. A c\u00e0rrec de les colles de &nbsp;foc de la ciutat.&nbsp;<\/p>\n\n\n\n<p>A continuaci\u00f3, al passeig de la Rambla <strong>CONCERT DE FESTA MAJOR<\/strong>:&nbsp;<\/p>\n\n\n\n<ul class=\"wp-block-list\"><li><strong>SENYOR OCA<\/strong>: Grup de hip-hop\/rap en catal\u00e0.&nbsp;<\/li><li><strong>DJ N\u00c0TURA<\/strong>: Artista polivalent que fusiona varis estils.&nbsp;<\/li><\/ul>\n\n\n\n<p><strong>Dimarts 16 d\u2019agost:&nbsp;<\/strong><\/p>\n\n\n\n<p>8 h\u2013<strong> MATINADES <\/strong>als carrers del Centre i de Dalt la Vila<\/p>\n\n\n\n<p>Recorregut de grups de grallers i el ball de Diables de Badalona.&nbsp;<\/p>\n\n\n\n<p>11.15 h\u2013 REPIC DE FESTA a l\u2019esgl\u00e9sia de Santa Maria&nbsp;<\/p>\n\n\n\n<p>A c\u00e0rrec de Campaners de Badalona.&nbsp;<\/p>\n\n\n\n<p>11.30 h \u2013 <strong>OFICI DE SANT ROC<\/strong> a l\u2019esgl\u00e9sia de Santa Maria&nbsp;<\/p>\n\n\n\n<p>En acabar l\u2019Ofici, <strong>TORNADA D\u2019OFICI I FI DE FESTA<\/strong> &nbsp;<\/p>\n\n\n\n<p>Tots els balls tornaran d\u2019ofici en cercavila fins a la pla\u00e7a de la Vila, on hi haur\u00e0 una tronada de fi de festa&nbsp;<\/p>\n\n\n\n<p>La regidora de l\u2019\u00e0rea de Cultura, Anna Maria Lara, ha destacat que \u201cenguany presentem un programa molt complet, fruit d\u2019una aposta decidida per la Festa Major, que creix i consolida el dia de Sant Roc, tot posant al centre les activitats de cultura tradicional i els concerts.\u201d \u201cVull fer, com sempre, un agra\u00efment a les entitats que fan possible la festa i una crida a tots els badalonins i les badalonines a gaudir de la Festa Major\u201d, ha afegit la regidora. &nbsp;<\/p>\n","protected":false},"excerpt":{"rendered":"<p>Badalona tornar\u00e0 a omplir-se d\u2019activitats l\u00fadiques i culturals els pr\u00f2xims 14, 15 i 16 d\u2019agost amb la celebraci\u00f3 de la tradicional Festa Major, que enguany recupera la normalitat despr\u00e9s de dos anys marcats pel context sanitari. Les actuacions musicals i la cultura tradicional i popular tornaran a ser els eixos centrals del programa d\u2019activitats. Enguany, [&hellip;]<\/p>\n","protected":false},"author":2,"featured_media":3980,"comment_status":"open","ping_status":"open","sticky":false,"template":"","format":"standard","meta":{"footnotes":""},"categories":[23,25],"tags":[],"class_list":{"0":"post-3979","1":"post","2":"type-post","3":"status-publish","4":"format-standard","5":"has-post-thumbnail","7":"category-actualitat","8":"category-cultura"},"_links":{"self":[{"href":"https:\/\/areabadalona.com\/diario\/wp-json\/wp\/v2\/posts\/3979","targetHints":{"allow":["GET"]}}],"collection":[{"href":"https:\/\/areabadalona.com\/diario\/wp-json\/wp\/v2\/posts"}],"about":[{"href":"https:\/\/areabadalona.com\/diario\/wp-json\/wp\/v2\/types\/post"}],"author":[{"embeddable":true,"href":"https:\/\/areabadalona.com\/diario\/wp-json\/wp\/v2\/users\/2"}],"replies":[{"embeddable":true,"href":"https:\/\/areabadalona.com\/diario\/wp-json\/wp\/v2\/comments?post=3979"}],"version-history":[{"count":1,"href":"https:\/\/areabadalona.com\/diario\/wp-json\/wp\/v2\/posts\/3979\/revisions"}],"predecessor-version":[{"id":3981,"href":"https:\/\/areabadalona.com\/diario\/wp-json\/wp\/v2\/posts\/3979\/revisions\/3981"}],"wp:featuredmedia":[{"embeddable":true,"href":"https:\/\/areabadalona.com\/diario\/wp-json\/wp\/v2\/media\/3980"}],"wp:attachment":[{"href":"https:\/\/areabadalona.com\/diario\/wp-json\/wp\/v2\/media?parent=3979"}],"wp:term":[{"taxonomy":"category","embeddable":true,"href":"https:\/\/areabadalona.com\/diario\/wp-json\/wp\/v2\/categories?post=3979"},{"taxonomy":"post_tag","embeddable":true,"href":"https:\/\/areabadalona.com\/diario\/wp-json\/wp\/v2\/tags?post=3979"}],"curies":[{"name":"wp","href":"https:\/\/api.w.org\/{rel}","templated":true}]}}