{"id":3976,"date":"2022-07-26T09:59:58","date_gmt":"2022-07-26T09:59:58","guid":{"rendered":"https:\/\/areabadalona.com\/diario\/?p=3976"},"modified":"2022-07-26T09:59:59","modified_gmt":"2022-07-26T09:59:59","slug":"la-platja-de-gossos-de-badalona-estara-ubicada-a-la-platja-dels-patins-de-vela","status":"publish","type":"post","link":"https:\/\/areabadalona.com\/diario\/2022\/07\/26\/la-platja-de-gossos-de-badalona-estara-ubicada-a-la-platja-dels-patins-de-vela\/","title":{"rendered":"La platja de gossos de Badalona estar\u00e0 ubicada a la platja dels  Patins de Vela"},"content":{"rendered":"\n<p>La platja de gossos de Badalona s\u2019ubicar\u00e0 durant aquesta temporada de bany a la platja dels Patins de Vela, en el tram situat darrere de la Piscina Municipal \u2013 Mireia Belmonte. Avui han comen\u00e7at les actuacions per senyalitzar l\u2019espai i la instal\u00b7laci\u00f3 de la tanca perimetral, que finalment ser\u00e0 m\u00f2bil per a possibilitar que pugui entrar la maquin\u00e0ria de neteja de la sorra a la platja. Est\u00e0 previst que l\u2019adequaci\u00f3 de la nova platja de gossos estigui enllestida en els pr\u00f2xims dies i que la setmana vinent ja pugui ser utilitzada pels ve\u00efns i ve\u00efnes. &nbsp;<\/p>\n\n\n\n<p>La regidora de Medi Ambient, Sostenibilitat i Benestar Animal, Rosa Trenado, ha explicat que \u201cfinalment hem optat per ubicar en aquest indret la nova platja de gossos perqu\u00e8 el pla d\u2019usos actual nom\u00e9s ens permetia instal\u00b7lar-la aqu\u00ed o a la platja de la Marina i considerem que aquest punt \u00e9s millor, ja que \u00e9s m\u00e9s c\u00e8ntric i accessible per a la majoria de ve\u00efns de la ciutat\u201d. Trenado ha remarcat que \u201ces tracta d\u2019un projecte pilot, fet que ens permetr\u00e0 canviar la ubicaci\u00f3 de la platja en les pr\u00f2ximes temporades si l\u2019experi\u00e8ncia d\u2019enguany no reeix\u00eds\u201d&nbsp;<\/p>\n","protected":false},"excerpt":{"rendered":"<p>La platja de gossos de Badalona s\u2019ubicar\u00e0 durant aquesta temporada de bany a la platja dels Patins de Vela, en el tram situat darrere de la Piscina Municipal \u2013 Mireia Belmonte. Avui han comen\u00e7at les actuacions per senyalitzar l\u2019espai i la instal\u00b7laci\u00f3 de la tanca perimetral, que finalment ser\u00e0 m\u00f2bil per a possibilitar que pugui [&hellip;]<\/p>\n","protected":false},"author":2,"featured_media":3977,"comment_status":"open","ping_status":"open","sticky":false,"template":"","format":"standard","meta":{"footnotes":""},"categories":[23],"tags":[],"class_list":{"0":"post-3976","1":"post","2":"type-post","3":"status-publish","4":"format-standard","5":"has-post-thumbnail","7":"category-actualitat"},"_links":{"self":[{"href":"https:\/\/areabadalona.com\/diario\/wp-json\/wp\/v2\/posts\/3976","targetHints":{"allow":["GET"]}}],"collection":[{"href":"https:\/\/areabadalona.com\/diario\/wp-json\/wp\/v2\/posts"}],"about":[{"href":"https:\/\/areabadalona.com\/diario\/wp-json\/wp\/v2\/types\/post"}],"author":[{"embeddable":true,"href":"https:\/\/areabadalona.com\/diario\/wp-json\/wp\/v2\/users\/2"}],"replies":[{"embeddable":true,"href":"https:\/\/areabadalona.com\/diario\/wp-json\/wp\/v2\/comments?post=3976"}],"version-history":[{"count":1,"href":"https:\/\/areabadalona.com\/diario\/wp-json\/wp\/v2\/posts\/3976\/revisions"}],"predecessor-version":[{"id":3978,"href":"https:\/\/areabadalona.com\/diario\/wp-json\/wp\/v2\/posts\/3976\/revisions\/3978"}],"wp:featuredmedia":[{"embeddable":true,"href":"https:\/\/areabadalona.com\/diario\/wp-json\/wp\/v2\/media\/3977"}],"wp:attachment":[{"href":"https:\/\/areabadalona.com\/diario\/wp-json\/wp\/v2\/media?parent=3976"}],"wp:term":[{"taxonomy":"category","embeddable":true,"href":"https:\/\/areabadalona.com\/diario\/wp-json\/wp\/v2\/categories?post=3976"},{"taxonomy":"post_tag","embeddable":true,"href":"https:\/\/areabadalona.com\/diario\/wp-json\/wp\/v2\/tags?post=3976"}],"curies":[{"name":"wp","href":"https:\/\/api.w.org\/{rel}","templated":true}]}}