{"id":3973,"date":"2022-07-25T09:47:00","date_gmt":"2022-07-25T09:47:00","guid":{"rendered":"https:\/\/areabadalona.com\/diario\/?p=3973"},"modified":"2022-07-26T09:48:17","modified_gmt":"2022-07-26T09:48:17","slug":"comencen-els-treballs-de-lestudi-geotecnic-necessari-per-fer-el-projecte-de-restauracio-del-pont-del-petroli-de-badalona","status":"publish","type":"post","link":"https:\/\/areabadalona.com\/diario\/2022\/07\/25\/comencen-els-treballs-de-lestudi-geotecnic-necessari-per-fer-el-projecte-de-restauracio-del-pont-del-petroli-de-badalona\/","title":{"rendered":"Comencen els treballs de l\u2019estudi geot\u00e8cnic necessari per fer el projecte de restauraci\u00f3  del pont del Petroli de Badalona\u00a0"},"content":{"rendered":"\n<p>Aquest dilluns 25 de juliol han comen\u00e7at els treballs de l&#8217;estudi geot\u00e8cnic necessari per poder fer el projecte executiu de restauraci\u00f3 del pont del Petroli. Una empresa especialitzada agafar\u00e0 mostres del subsol de 0 a 17 m de fond\u00e0ria per tal de con\u00e8ixer el material que forma el terreny i aix\u00ed poder dissenyar la fonamentaci\u00f3 de la nova plataforma del pont del Petroli. Els treballs, executats per l&#8217;empresa SOTASOL, duraran fins al pr\u00f2xim dimecres 27 de juliol.&nbsp;<\/p>\n\n\n\n<p>Per realitzar l\u2019estudi geot\u00e8cnic s\u2019agafaran mostres en dos punts:&nbsp;<\/p>\n\n\n\n<p>\u2022 Sota les columnes del pont del Petroli a la part de la platja. En aquest punt s\u2019agafaran mostres del subsol d\u2019uns dos metres de fond\u00e0ria aproximadament. &nbsp;<\/p>\n\n\n\n<p>\u2022 Sobre el mateix pont del Petroli a la punta de la passera existent. En aquest punt s\u2019agafaran mostres del subsol de fins a 17 metres de fond\u00e0ria.&nbsp;<\/p>\n\n\n\n<p>Despr\u00e9s d\u2019agafar les mostres es faran els treballs de gabinet que organitzen i interpreten les dades obtingudes per elaborar el model geol\u00f2gic i geot\u00e8cnic per a la correcta caracteritzaci\u00f3 del terreny.&nbsp;<\/p>\n\n\n\n<p>Ateses les caracter\u00edstiques de les actuacions que es portaran a terme, es recomana que durant les tres jornades de treball, els usuaris de la platja no s\u2019aproximin a la zona de bany on s\u2019estaran prenent les mostres. En aquest sentit, es recorda que es podr\u00e0 demanar a les persones usu\u00e0ries de la platja que canvi\u00efn m\u00ednimament la seva ubicaci\u00f3 per afavorir la tasca dels treballadors. &nbsp;<\/p>\n\n\n\n<p>L\u2019alcalde de Badalona, Rub\u00e9n Guijarro, ha visitat aquest mat\u00ed la zona on s\u2019est\u00e0 efectuant l\u2019actuaci\u00f3 i ha explicat que \u201cdespr\u00e9s de l\u2019\u00e8xit de participaci\u00f3 del proc\u00e9s per triar el model del nou pont del Petroli, comencem els treballs imprescindibles per redactar el projecte executiu de reparaci\u00f3 de l\u2019estructura i assegurar d\u2019aquesta manera que el pont torna a estar disposici\u00f3 dels ve\u00efns i ve\u00efnes de la ciutat tan aviat com sigui possible\u201d. L\u2019alcalde Guijarro ha indicat que&nbsp; \u201cparal\u00b7lelament a aquesta actuaci\u00f3 i la redacci\u00f3 del projecte, des del Govern municipal ja estem treballant en la licitaci\u00f3 de les obres per no perdre ni un minut en el proc\u00e9s de reparaci\u00f3 d\u2019un dels principals emblemes de la nostra ciutat\u201d.&nbsp;<\/p>\n","protected":false},"excerpt":{"rendered":"<p>Aquest dilluns 25 de juliol han comen\u00e7at els treballs de l&#8217;estudi geot\u00e8cnic necessari per poder fer el projecte executiu de restauraci\u00f3 del pont del Petroli. Una empresa especialitzada agafar\u00e0 mostres del subsol de 0 a 17 m de fond\u00e0ria per tal de con\u00e8ixer el material que forma el terreny i aix\u00ed poder dissenyar la fonamentaci\u00f3 [&hellip;]<\/p>\n","protected":false},"author":2,"featured_media":3974,"comment_status":"open","ping_status":"open","sticky":false,"template":"","format":"standard","meta":{"footnotes":""},"categories":[23],"tags":[],"class_list":{"0":"post-3973","1":"post","2":"type-post","3":"status-publish","4":"format-standard","5":"has-post-thumbnail","7":"category-actualitat"},"_links":{"self":[{"href":"https:\/\/areabadalona.com\/diario\/wp-json\/wp\/v2\/posts\/3973","targetHints":{"allow":["GET"]}}],"collection":[{"href":"https:\/\/areabadalona.com\/diario\/wp-json\/wp\/v2\/posts"}],"about":[{"href":"https:\/\/areabadalona.com\/diario\/wp-json\/wp\/v2\/types\/post"}],"author":[{"embeddable":true,"href":"https:\/\/areabadalona.com\/diario\/wp-json\/wp\/v2\/users\/2"}],"replies":[{"embeddable":true,"href":"https:\/\/areabadalona.com\/diario\/wp-json\/wp\/v2\/comments?post=3973"}],"version-history":[{"count":1,"href":"https:\/\/areabadalona.com\/diario\/wp-json\/wp\/v2\/posts\/3973\/revisions"}],"predecessor-version":[{"id":3975,"href":"https:\/\/areabadalona.com\/diario\/wp-json\/wp\/v2\/posts\/3973\/revisions\/3975"}],"wp:featuredmedia":[{"embeddable":true,"href":"https:\/\/areabadalona.com\/diario\/wp-json\/wp\/v2\/media\/3974"}],"wp:attachment":[{"href":"https:\/\/areabadalona.com\/diario\/wp-json\/wp\/v2\/media?parent=3973"}],"wp:term":[{"taxonomy":"category","embeddable":true,"href":"https:\/\/areabadalona.com\/diario\/wp-json\/wp\/v2\/categories?post=3973"},{"taxonomy":"post_tag","embeddable":true,"href":"https:\/\/areabadalona.com\/diario\/wp-json\/wp\/v2\/tags?post=3973"}],"curies":[{"name":"wp","href":"https:\/\/api.w.org\/{rel}","templated":true}]}}