{"id":3970,"date":"2022-07-22T09:23:00","date_gmt":"2022-07-22T09:23:00","guid":{"rendered":"https:\/\/areabadalona.com\/diario\/?p=3970"},"modified":"2022-07-25T09:23:45","modified_gmt":"2022-07-25T09:23:45","slug":"es-mantenen-a-badalona-els-dispositius-especials-per-reduir-lalt-risc-dincendi","status":"publish","type":"post","link":"https:\/\/areabadalona.com\/diario\/2022\/07\/22\/es-mantenen-a-badalona-els-dispositius-especials-per-reduir-lalt-risc-dincendi\/","title":{"rendered":"Es mantenen a Badalona els dispositius especials per reduir l\u2019alt  risc d\u2019incendi\u00a0"},"content":{"rendered":"\n<p>Protecci\u00f3 Civil de la Generalitat mant\u00e9 activat el pla INFOCAT en fase d\u2019alerta pel perill d\u2019incendi forestal i tamb\u00e9 mant\u00e9 l\u2019alerta del Pla PROCICAT per onada de calor. A nivell municipal, el Pla d\u2019Emerg\u00e8ncia municipal segueix en estat d\u2019Alerta des del 15 de juliol.&nbsp;<\/p>\n\n\n\n<p>Les mesures que a nivell local es porten a terme per reduir l\u2019alt risc d\u2019incendi s\u00f3n diverses:&nbsp;<\/p>\n\n\n\n<ul class=\"wp-block-list\"><li>Augment de la vigil\u00e0ncia a l\u2019entorn forestal&nbsp;<\/li><li>Limitaci\u00f3 de la circulaci\u00f3 motoritzada en el medi natural&nbsp;<\/li><li>Tancament d\u2019accessos al part de la Serralada de Marina&nbsp;<\/li><li>Informar de l\u2019alt risc d\u2019incendi a les finques i masies a\u00efllades&nbsp;<\/li><li>Col\u00b7laboraci\u00f3 activa amb l\u2019Associaci\u00f3 de Voluntaris de Protecci\u00f3 Civil (AVPC)&nbsp;<\/li><\/ul>\n\n\n\n<p>Pel que fa les mesures davant l\u2019onada de calor, l\u2019Ajuntament ha posat en marxa diverses accions:&nbsp;<\/p>\n\n\n\n<ul class=\"wp-block-list\"><li>Instal\u00b7laci\u00f3 de Punts d\u2019Informaci\u00f3 Din\u00e0mics amb la col\u00b7laboraci\u00f3 activa de l\u2019AVPC per conscienciar la ciutadania sobre l\u2019alt risc de l\u2019onada de calor i promoure conductes d\u2019autoprotecci\u00f3. En aquest sentit, aquest divendres 22 de juliol s\u2019ha instal\u00b7lat una carpa als Encants de Montigal\u00e0 entre les 10 i les 13 hores i dem\u00e0 es far\u00e0 una acci\u00f3 semblant als Encants de La Salut.<\/li><li>Informaci\u00f3 directa a poblaci\u00f3 sensible amb la col\u00b7laboraci\u00f3 activa dels agents c\u00edvics coordinats des del Departament de Protecci\u00f3 Civil i altres departament municipals.<\/li><\/ul>\n\n\n\n<p>L\u2019alcalde de Badalona, Rub\u00e9n Guijarro, i el tercer tinent d\u2019alcaldia i regidor de l\u2019\u00c0mbit de Protecci\u00f3 Social a les Persones i Impuls Comercial, David Torrents, han visitat el Punt d\u2019Informaci\u00f3 Din\u00e0mic situat aquest migdia en una carpa als Encants de Montigal\u00e0. Guijarro ha reiterat la crida a la responsabilitat individual i col\u00b7lectiva per evitar qualsevol activitat que suposi un risc d\u2019incendi. L\u2019alcalde tamb\u00e9 ha demanat prud\u00e8ncia davant l\u2019onada de calor que especialment de cara a diumenge preveu temperatures molt altes arreu. &nbsp;<\/p>\n","protected":false},"excerpt":{"rendered":"<p>Protecci\u00f3 Civil de la Generalitat mant\u00e9 activat el pla INFOCAT en fase d\u2019alerta pel perill d\u2019incendi forestal i tamb\u00e9 mant\u00e9 l\u2019alerta del Pla PROCICAT per onada de calor. A nivell municipal, el Pla d\u2019Emerg\u00e8ncia municipal segueix en estat d\u2019Alerta des del 15 de juliol.&nbsp; Les mesures que a nivell local es porten a terme per [&hellip;]<\/p>\n","protected":false},"author":2,"featured_media":3971,"comment_status":"open","ping_status":"open","sticky":false,"template":"","format":"standard","meta":{"footnotes":""},"categories":[23],"tags":[],"class_list":{"0":"post-3970","1":"post","2":"type-post","3":"status-publish","4":"format-standard","5":"has-post-thumbnail","7":"category-actualitat"},"_links":{"self":[{"href":"https:\/\/areabadalona.com\/diario\/wp-json\/wp\/v2\/posts\/3970","targetHints":{"allow":["GET"]}}],"collection":[{"href":"https:\/\/areabadalona.com\/diario\/wp-json\/wp\/v2\/posts"}],"about":[{"href":"https:\/\/areabadalona.com\/diario\/wp-json\/wp\/v2\/types\/post"}],"author":[{"embeddable":true,"href":"https:\/\/areabadalona.com\/diario\/wp-json\/wp\/v2\/users\/2"}],"replies":[{"embeddable":true,"href":"https:\/\/areabadalona.com\/diario\/wp-json\/wp\/v2\/comments?post=3970"}],"version-history":[{"count":1,"href":"https:\/\/areabadalona.com\/diario\/wp-json\/wp\/v2\/posts\/3970\/revisions"}],"predecessor-version":[{"id":3972,"href":"https:\/\/areabadalona.com\/diario\/wp-json\/wp\/v2\/posts\/3970\/revisions\/3972"}],"wp:featuredmedia":[{"embeddable":true,"href":"https:\/\/areabadalona.com\/diario\/wp-json\/wp\/v2\/media\/3971"}],"wp:attachment":[{"href":"https:\/\/areabadalona.com\/diario\/wp-json\/wp\/v2\/media?parent=3970"}],"wp:term":[{"taxonomy":"category","embeddable":true,"href":"https:\/\/areabadalona.com\/diario\/wp-json\/wp\/v2\/categories?post=3970"},{"taxonomy":"post_tag","embeddable":true,"href":"https:\/\/areabadalona.com\/diario\/wp-json\/wp\/v2\/tags?post=3970"}],"curies":[{"name":"wp","href":"https:\/\/api.w.org\/{rel}","templated":true}]}}