{"id":3967,"date":"2022-07-22T09:21:00","date_gmt":"2022-07-22T09:21:00","guid":{"rendered":"https:\/\/areabadalona.com\/diario\/?p=3967"},"modified":"2022-07-25T09:21:57","modified_gmt":"2022-07-25T09:21:57","slug":"finalitza-el-primer-casal-linguistic-per-lalumnat-nouvingut-de-badalona","status":"publish","type":"post","link":"https:\/\/areabadalona.com\/diario\/2022\/07\/22\/finalitza-el-primer-casal-linguistic-per-lalumnat-nouvingut-de-badalona\/","title":{"rendered":"Finalitza el primer Casal Ling\u00fc\u00edstic per l&#8217;alumnat nouvingut de  Badalona\u00a0"},"content":{"rendered":"\n<p>Aquest divendres ha finalitzat el primer Casal Ling\u00fc\u00edstic per l&#8217;alumnat nouvingut de Badalona, una iniciativa impulsada per l\u2019Ajuntament de Badalona amb la col\u00b7laboraci\u00f3 de la Plataforma per la Llengua amb l&#8217;objectiu de fomentar l&#8217;\u00fas de la llengua catalana entre joves de 14 a 16 anys que han arribat durant els darrers mesos a la ciutat. &nbsp;<\/p>\n\n\n\n<p>El casal, que s\u2019ha fet a l\u2019Institut Eugeni d\u2019Ors, s&#8217;ha adre\u00e7at a l&#8217;alumnat dels centres educatius de secund\u00e0ria amb aules d&#8217;acollida i a adolescents que han arribat a la ciutat durant el curs escolar procedents dels seus pa\u00efsos d&#8217;origen i que necessiten un suport ling\u00fc\u00edstic. En total s\u2019han beneficiat de la iniciativa 18 joves. &nbsp;<\/p>\n\n\n\n<p>La companyia El Cirerer Teatre ha estat l&#8217;encarregada de dur a terme aquest casal diari mitjan\u00e7ant activitats basades en el teatre i en l&#8217;expressi\u00f3 art\u00edstica com a eines d&#8217;aprenentatge de la llengua. &nbsp;<\/p>\n\n\n\n<p>La primera edici\u00f3 del Casal Ling\u00fc\u00edstic s&#8217;ha clausurat aquest mat\u00ed amb l\u2019entrega de diplomes de participaci\u00f3 en la sala d&#8217;actes de l&#8217;Institut Eugeni d&#8217;Ors. Durant l\u2019acte, la segona tinenta d\u2019alcaldia i regidora de l\u2019\u00c0mbit d\u2019Educaci\u00f3, Feminismes i LGTBIQ+, Ciutadania, Participaci\u00f3 i Agenda 2030, A\u00efda Llaurad\u00f3, ha posat en valor que \u00aba difer\u00e8ncia d\u2019altres casals, el Casal Ling\u00fc\u00edstic t\u00e9 la particularitat que, m\u00e9s enll\u00e0 del lleure o l\u2019aprenentatge de la llengua a trav\u00e9s de l&#8217;expressi\u00f3 art\u00edstica, afavoreix tamb\u00e9 la cohesi\u00f3 social i la integraci\u00f3 dels adolescents i joves a la ciutat que els ha acollit\u00bb. Llaurad\u00f3 ha assenyalat que \u201cla realitzaci\u00f3 d&#8217;aquest tipus de casals \u00e9s un clar exemple de com el catal\u00e0 \u00e9s la llengua de cohesi\u00f3 i inclusi\u00f3 social, tamb\u00e9 en l&#8217;\u00e0mbit del lleure\u00bb.&nbsp;<\/p>\n","protected":false},"excerpt":{"rendered":"<p>Aquest divendres ha finalitzat el primer Casal Ling\u00fc\u00edstic per l&#8217;alumnat nouvingut de Badalona, una iniciativa impulsada per l\u2019Ajuntament de Badalona amb la col\u00b7laboraci\u00f3 de la Plataforma per la Llengua amb l&#8217;objectiu de fomentar l&#8217;\u00fas de la llengua catalana entre joves de 14 a 16 anys que han arribat durant els darrers mesos a la ciutat. [&hellip;]<\/p>\n","protected":false},"author":2,"featured_media":3968,"comment_status":"open","ping_status":"open","sticky":false,"template":"","format":"standard","meta":{"footnotes":""},"categories":[23],"tags":[],"class_list":{"0":"post-3967","1":"post","2":"type-post","3":"status-publish","4":"format-standard","5":"has-post-thumbnail","7":"category-actualitat"},"_links":{"self":[{"href":"https:\/\/areabadalona.com\/diario\/wp-json\/wp\/v2\/posts\/3967","targetHints":{"allow":["GET"]}}],"collection":[{"href":"https:\/\/areabadalona.com\/diario\/wp-json\/wp\/v2\/posts"}],"about":[{"href":"https:\/\/areabadalona.com\/diario\/wp-json\/wp\/v2\/types\/post"}],"author":[{"embeddable":true,"href":"https:\/\/areabadalona.com\/diario\/wp-json\/wp\/v2\/users\/2"}],"replies":[{"embeddable":true,"href":"https:\/\/areabadalona.com\/diario\/wp-json\/wp\/v2\/comments?post=3967"}],"version-history":[{"count":1,"href":"https:\/\/areabadalona.com\/diario\/wp-json\/wp\/v2\/posts\/3967\/revisions"}],"predecessor-version":[{"id":3969,"href":"https:\/\/areabadalona.com\/diario\/wp-json\/wp\/v2\/posts\/3967\/revisions\/3969"}],"wp:featuredmedia":[{"embeddable":true,"href":"https:\/\/areabadalona.com\/diario\/wp-json\/wp\/v2\/media\/3968"}],"wp:attachment":[{"href":"https:\/\/areabadalona.com\/diario\/wp-json\/wp\/v2\/media?parent=3967"}],"wp:term":[{"taxonomy":"category","embeddable":true,"href":"https:\/\/areabadalona.com\/diario\/wp-json\/wp\/v2\/categories?post=3967"},{"taxonomy":"post_tag","embeddable":true,"href":"https:\/\/areabadalona.com\/diario\/wp-json\/wp\/v2\/tags?post=3967"}],"curies":[{"name":"wp","href":"https:\/\/api.w.org\/{rel}","templated":true}]}}