{"id":3964,"date":"2022-07-22T09:16:00","date_gmt":"2022-07-22T09:16:00","guid":{"rendered":"https:\/\/areabadalona.com\/diario\/?p=3964"},"modified":"2022-07-25T09:19:57","modified_gmt":"2022-07-25T09:19:57","slug":"comencen-els-treballs-per-retirar-les-restes-de-runes-perilloses-de-les-platges-del-pont-den-botifarreta-i-del-cristall","status":"publish","type":"post","link":"https:\/\/areabadalona.com\/diario\/2022\/07\/22\/comencen-els-treballs-per-retirar-les-restes-de-runes-perilloses-de-les-platges-del-pont-den-botifarreta-i-del-cristall\/","title":{"rendered":"Comencen els treballs per retirar les restes de runes perilloses  de les platges del Pont d\u2019en Botifarreta i del Cristall\u00a0"},"content":{"rendered":"\n<p>Aquest divendres al mat\u00ed s\u2019han iniciat els treballs de retirada de les restes d\u2019antigues edificacions que es troben a la sorra i a l\u2019aigua de les platges del Cristall i del Pont d\u2019en Botifarreta de Badalona. Aquestes restes van quedar al descobert despr\u00e9s de la p\u00e8rdua de sorra provocada pels darrers temporals i suposen un perill per als banyistes.&nbsp;<\/p>\n\n\n\n<p>L\u2019actuaci\u00f3, que \u00e9s compet\u00e8ncia i est\u00e0 executada&nbsp; per la Demarcaci\u00f3 de Costes de Catalunya del Ministeri per a la Transici\u00f3 Ecol\u00f2gica i el Repte Demogr\u00e0fic, tindr\u00e0 una durada de deu dies. No obstant aix\u00f2, els treballs es faran esglaonadament i no afectaran a tota la superf\u00edcie de la platja durant tot aquest per\u00edode. A m\u00e9s a m\u00e9s, per evitar mol\u00e8sties i assegurar que els ve\u00efns poden gaudir de la platja, les m\u00e0quines no treballaran durant els caps de setmana, ja que s\u00f3n els dies on hi ha m\u00e9s aflu\u00e8ncia de persones. &nbsp;&nbsp;<\/p>\n\n\n\n<p>La retirada de les restes ha comen\u00e7at a la platja del Pont d\u2019en Botifarreta i posteriorment es treballar\u00e0 a la platja del Cristall. Mentre es portin a terme els treballs se senyalitzar\u00e0 convenientment les zones afectades i quedar\u00e0 restringit el seu acc\u00e9s, tant pel que fa a aquest sector de la platja com a algun tram del passeig Mar\u00edtim.&nbsp;<\/p>\n\n\n\n<p>L\u2019alcalde de Badalona, Rub\u00e9n Guijarro, ha visitat aquest mat\u00ed les platges de Badalona on s\u2019ha de dur a terme l\u2019actuaci\u00f3 acompanyat de la regidora de Medi Ambient, Sostenibilitat i Benestar Animal, Rosa Trenado, i el tercer tinent d\u2019Alcaldia i regidor del Districte n\u00famero 1, David Torrents. Durant la visita, Guijarro ha reconegut que \u201ces tracta d\u2019una jornada agredol\u00e7a, ja que la retirada de les restes era necess\u00e0ria per seguretat, per\u00f2, tal com hem traslladat al Ministeri aquesta setmana, considerem que l\u2019actuaci\u00f3 s\u2019hauria d\u2019haver programat abans per evitar que s\u2019execut\u00e9s durant la temporada de bany\u201d. En aquest sentit, l\u2019alcalde ha demanat \u201cdisculpes a les persones usu\u00e0ries de les platges per aquestes mol\u00e8sties\u201d i ha explicat que \u201ctot i que ja vam demanar que es retiressin les restes a l\u2019abril, ara no podem ajornar l\u2019actuaci\u00f3 perqu\u00e8 hi ha materials a la sorra que poden suposar un perill per a les persones\u201d.&nbsp;&nbsp; &nbsp;<\/p>\n","protected":false},"excerpt":{"rendered":"<p>Aquest divendres al mat\u00ed s\u2019han iniciat els treballs de retirada de les restes d\u2019antigues edificacions que es troben a la sorra i a l\u2019aigua de les platges del Cristall i del Pont d\u2019en Botifarreta de Badalona. Aquestes restes van quedar al descobert despr\u00e9s de la p\u00e8rdua de sorra provocada pels darrers temporals i suposen un [&hellip;]<\/p>\n","protected":false},"author":2,"featured_media":3965,"comment_status":"open","ping_status":"open","sticky":false,"template":"","format":"standard","meta":{"footnotes":""},"categories":[23],"tags":[],"class_list":{"0":"post-3964","1":"post","2":"type-post","3":"status-publish","4":"format-standard","5":"has-post-thumbnail","7":"category-actualitat"},"_links":{"self":[{"href":"https:\/\/areabadalona.com\/diario\/wp-json\/wp\/v2\/posts\/3964","targetHints":{"allow":["GET"]}}],"collection":[{"href":"https:\/\/areabadalona.com\/diario\/wp-json\/wp\/v2\/posts"}],"about":[{"href":"https:\/\/areabadalona.com\/diario\/wp-json\/wp\/v2\/types\/post"}],"author":[{"embeddable":true,"href":"https:\/\/areabadalona.com\/diario\/wp-json\/wp\/v2\/users\/2"}],"replies":[{"embeddable":true,"href":"https:\/\/areabadalona.com\/diario\/wp-json\/wp\/v2\/comments?post=3964"}],"version-history":[{"count":1,"href":"https:\/\/areabadalona.com\/diario\/wp-json\/wp\/v2\/posts\/3964\/revisions"}],"predecessor-version":[{"id":3966,"href":"https:\/\/areabadalona.com\/diario\/wp-json\/wp\/v2\/posts\/3964\/revisions\/3966"}],"wp:featuredmedia":[{"embeddable":true,"href":"https:\/\/areabadalona.com\/diario\/wp-json\/wp\/v2\/media\/3965"}],"wp:attachment":[{"href":"https:\/\/areabadalona.com\/diario\/wp-json\/wp\/v2\/media?parent=3964"}],"wp:term":[{"taxonomy":"category","embeddable":true,"href":"https:\/\/areabadalona.com\/diario\/wp-json\/wp\/v2\/categories?post=3964"},{"taxonomy":"post_tag","embeddable":true,"href":"https:\/\/areabadalona.com\/diario\/wp-json\/wp\/v2\/tags?post=3964"}],"curies":[{"name":"wp","href":"https:\/\/api.w.org\/{rel}","templated":true}]}}