{"id":3958,"date":"2022-07-21T08:58:17","date_gmt":"2022-07-21T08:58:17","guid":{"rendered":"https:\/\/areabadalona.com\/diario\/?p=3958"},"modified":"2022-07-21T08:58:19","modified_gmt":"2022-07-21T08:58:19","slug":"badalona-celebrara-lany-que-ve-el-165e-aniversari-dels-gegants-anastasi-i-maria-i-convida-la-comparsa-de-gigantes-y-cabezudos-de-pamplona-a-participar-hi","status":"publish","type":"post","link":"https:\/\/areabadalona.com\/diario\/2022\/07\/21\/badalona-celebrara-lany-que-ve-el-165e-aniversari-dels-gegants-anastasi-i-maria-i-convida-la-comparsa-de-gigantes-y-cabezudos-de-pamplona-a-participar-hi\/","title":{"rendered":"Badalona celebrar\u00e0 l\u2019any que ve el 165\u00e8 aniversari dels gegants  Anastasi i Maria i convida la Comparsa de Gigantes y Cabezudos de Pamplona a  participar-hi\u00a0"},"content":{"rendered":"\n<p>L\u2019Ajuntament i la Colla de Geganters de Badalona han presentat aquest dimecres les activitats m\u00e9s destacades de la programaci\u00f3 prevista per celebrar l\u2019any que ve el 165\u00e8 aniversari dels gegants Anastasi i Maria d\u2019aquesta ciutat. La Masia Can Canyad\u00f3 ha acollit aquest acte de presentaci\u00f3 que ha comptat amb la pres\u00e8ncia de l\u2019alcalde de Badalona, Rub\u00e9n Guijarro; de la regidora de Cultura i Mobilitat, Anna Maria Lara; i del representant de la Colla de Geganters de Badalona, Gorka Sol.&nbsp;<\/p>\n\n\n\n<p><strong>Exposici\u00f3 al Museu de Badalona&nbsp;<\/strong><\/p>\n\n\n\n<p>El Museu de Badalona inaugurar\u00e0 el mes d\u2019abril de l\u2019any que ve una exposici\u00f3 que mostrar\u00e0 la hist\u00f2ria dels dos gegants vells de Badalona i que servir\u00e0 per con\u00e8ixer ben a fons la hist\u00f2ria d\u2019aquestes figures, aix\u00ed com el que representen i el paper que han tingut al llarg dels anys a la ciutat. &nbsp;<\/p>\n\n\n\n<p><strong>Restauraci\u00f3 dels gegants i nou vestuari&nbsp;<\/strong><\/p>\n\n\n\n<p>El mes de maig de 2023 es presentar\u00e0 la nova imatge de l\u2019Anastasi i de la Maria. S\u2019elaboraran uns nous vestits i es portar\u00e0 a terme una restauraci\u00f3 de les figures a fons. Les figures es vestiran d\u2019acord amb els documents que existeixen dels gegants cap a la d\u00e8cada del 1950, ell com un conseller de Barcelona i ella com una dama vuitcentista. Pel que fa a la restauraci\u00f3 de les figures, s\u2019encarregar\u00e0 a un taller especialitzat en aquest tipus d\u2019intervenci\u00f3 en figures centen\u00e0ries.&nbsp;<\/p>\n\n\n\n<p><strong>La Comparsa de Gigantes y Cabezudos de Pamplona a les Festes de Maig 2023&nbsp;<\/strong><\/p>\n\n\n\n<p>La pr\u00f2xima edici\u00f3 de les Festes de Maig de Badalona comptar\u00e0 amb uns convidats molt especials: la Comparsa de Gigantes y Cabezudos de Pamplona, un conjunt de 8 gegants, 6 kilikis, 5 capgrossos i 6 zaldikos que sortiran de la capital navarresa per despla\u00e7ar-se fins a Badalona. Els gegants de Pamplona compten tamb\u00e9 amb una gran hist\u00f2ria a les seves esquenes i presenten una gran qualitat escult\u00f2rica i un gran nivell coreogr\u00e0fic de balls de gegants. &nbsp;<\/p>\n\n\n\n<p>En representaci\u00f3 de la Colla de Geganters de Badalona, Gorka Sol, ha destacat la import\u00e0ncia de poder comptar amb aquests gegants a Badalona ja que \u201cen gaireb\u00e9 165 anys han sortit en poqu\u00edssimes ocasions de casa seva i sempre per visitar grans ciutats com ara Madrid, Sevilla, Santiago de Compostela, Saragossa, San Sebastian o Nova York als EEUU\u201d. \u201cA Pamplona no cal dir que s\u00f3n una absoluta icona de les mundialment conegudes festes de San Ferm\u00edn i que cada mat\u00ed dels nou dies que duren les festes surten acompanyats de milers d&#8217;infants i no tan infants que esperen tot un any per veure&#8217;ls\u201d, ha afegit.&nbsp;<\/p>\n\n\n\n<p>Per la seva banda, l\u2019alcalde de Badalona, Rub\u00e9n Guijarro, ha afirmat: \u201c\u00c9s un orgull que la ciutat cuidi la seva cultura popular, que es preocupi del fet que les noves generacions de badalonins i badalonines coneguin les nostres tradicions i les facin seves. L&#8217;Anastasi i la Maria s\u00f3n hist\u00f2ria viva de Badalona i celebrar el seu 165\u00e8 aniversari com es mereixen contribueix a fer encara m\u00e9s gran la seva llegenda\u00bb.&nbsp;<\/p>\n\n\n\n<p>La regidora de Cultura, Anna Maria Lara, ha indicat que \u201caquestes activitats s\u00f3n fruit del treball conjunt entre la regidoria i la Colla de Geganters de Badalona\u201d i s\u2019ha mostrat il\u00b7lusionada per \u201cpoder presentar a la ciutadania aquests actes, que seran \u00fanics i que passaran a formar part de la hist\u00f2ria de la nostra ciutat i del pa\u00eds\u201d. La regidora ha destacat que \u201caquesta acci\u00f3 \u00e9s una mostra m\u00e9s de l\u2019aposta d\u2019aquest govern per la cultura tradicional de la ciutat, de la qual ens hem de sentir molt orgullosos\u201d. &nbsp;<\/p>\n\n\n\n<p>La Colla de Geganters de Badalona i la Comparsa de Gigantes y Cabezudos de Pamplona han elaborat un v\u00eddeo en el qual des de Pamplona es felicita als gegants badalonins pel seu 165\u00e8 aniversari i es confirma la seva assist\u00e8ncia a la propera edici\u00f3 de les Festes de Maig. El v\u00eddeo es pot descarregar a trav\u00e9s d\u2019aquest enlla\u00e7: <a href=\"https:\/\/bit.ly\/3RJw4Hw\">https:\/\/bit.ly\/3RJw4Hw<\/a>&nbsp;<\/p>\n","protected":false},"excerpt":{"rendered":"<p>L\u2019Ajuntament i la Colla de Geganters de Badalona han presentat aquest dimecres les activitats m\u00e9s destacades de la programaci\u00f3 prevista per celebrar l\u2019any que ve el 165\u00e8 aniversari dels gegants Anastasi i Maria d\u2019aquesta ciutat. La Masia Can Canyad\u00f3 ha acollit aquest acte de presentaci\u00f3 que ha comptat amb la pres\u00e8ncia de l\u2019alcalde de Badalona, [&hellip;]<\/p>\n","protected":false},"author":2,"featured_media":3959,"comment_status":"open","ping_status":"open","sticky":false,"template":"","format":"standard","meta":{"footnotes":""},"categories":[23,25],"tags":[],"class_list":{"0":"post-3958","1":"post","2":"type-post","3":"status-publish","4":"format-standard","5":"has-post-thumbnail","7":"category-actualitat","8":"category-cultura"},"_links":{"self":[{"href":"https:\/\/areabadalona.com\/diario\/wp-json\/wp\/v2\/posts\/3958","targetHints":{"allow":["GET"]}}],"collection":[{"href":"https:\/\/areabadalona.com\/diario\/wp-json\/wp\/v2\/posts"}],"about":[{"href":"https:\/\/areabadalona.com\/diario\/wp-json\/wp\/v2\/types\/post"}],"author":[{"embeddable":true,"href":"https:\/\/areabadalona.com\/diario\/wp-json\/wp\/v2\/users\/2"}],"replies":[{"embeddable":true,"href":"https:\/\/areabadalona.com\/diario\/wp-json\/wp\/v2\/comments?post=3958"}],"version-history":[{"count":1,"href":"https:\/\/areabadalona.com\/diario\/wp-json\/wp\/v2\/posts\/3958\/revisions"}],"predecessor-version":[{"id":3960,"href":"https:\/\/areabadalona.com\/diario\/wp-json\/wp\/v2\/posts\/3958\/revisions\/3960"}],"wp:featuredmedia":[{"embeddable":true,"href":"https:\/\/areabadalona.com\/diario\/wp-json\/wp\/v2\/media\/3959"}],"wp:attachment":[{"href":"https:\/\/areabadalona.com\/diario\/wp-json\/wp\/v2\/media?parent=3958"}],"wp:term":[{"taxonomy":"category","embeddable":true,"href":"https:\/\/areabadalona.com\/diario\/wp-json\/wp\/v2\/categories?post=3958"},{"taxonomy":"post_tag","embeddable":true,"href":"https:\/\/areabadalona.com\/diario\/wp-json\/wp\/v2\/tags?post=3958"}],"curies":[{"name":"wp","href":"https:\/\/api.w.org\/{rel}","templated":true}]}}