{"id":3896,"date":"2022-07-12T08:52:00","date_gmt":"2022-07-12T08:52:00","guid":{"rendered":"https:\/\/areabadalona.com\/diario\/?p=3896"},"modified":"2022-07-13T08:52:42","modified_gmt":"2022-07-13T08:52:42","slug":"lajuntament-de-badalona-rep-difercat-4-locals-per-entitats-socials-del-barri-de-llefia","status":"publish","type":"post","link":"https:\/\/areabadalona.com\/diario\/2022\/07\/12\/lajuntament-de-badalona-rep-difercat-4-locals-per-entitats-socials-del-barri-de-llefia\/","title":{"rendered":"L\u2019Ajuntament de Badalona rep d\u2019Ifercat 4 locals per entitats  socials del barri de Llefi\u00e0\u00a0"},"content":{"rendered":"\n<p>Aquest mat\u00ed ha tingut lloc l\u2019acte pel qual la Generalitat de Catalunya ha atorgat una cessi\u00f3 d\u2019\u00fas a l\u2019Ajuntament de Badalona de 4 locals situats a l\u2019estaci\u00f3 Llefi\u00e0 del Metro. Aquests locals es destinaran a les activitats de l\u2019Associaci\u00f3 de Ve\u00efns Ronda de Sant Antoni de Llefi\u00e0 i tamb\u00e9 a l\u2019entitat de l\u2019<em>Hermandad del Sant\u00edsimo Cristo Redentor y Nuestra Se\u00f1ora de la Soledad. <\/em>Aquest dues entitats podran fer \u00fas fins a l\u2019any 2040 d\u2019aquests espais per a les seves activitats c\u00edviques i culturals sense \u00e0nim de lucre.<\/p>\n\n\n\n<p>Infraestructures Ferrovi\u00e0ries de Catalunya (Ifercat), que \u00e9s l\u2019ens p\u00fablic de la Generalitat encarregat de gestionar les infraestructures ferrovi\u00e0ries de Catalunya, va acordar atorgar a l\u2019Ajuntament de Badalona una cessi\u00f3 d\u2019\u00fas &nbsp;d\u2019aquests 4 locals considerats com a b\u00e9ns de domini p\u00fablic perqu\u00e8 els terrenys van ser expropiats per a la construcci\u00f3 del Metro. En aquest sentit, durant el passat mes de mar\u00e7 el Ple de l\u2019Ajuntament ja va aprovar per unanimitat l\u2019acceptaci\u00f3 d\u2019aquesta cessi\u00f3 d\u2019\u00fas. Aquest proc\u00e9s ha culminat aquest mat\u00ed amb la signatura del document administratiu per part del president d\u2019Ifercat, Isidre Gav\u00edn i de l\u2019alcalde de Badalona, Rub\u00e9n Guijarro.&nbsp;<\/p>\n\n\n\n<p>L\u2019acte ha comptat tamb\u00e9 amb la pres\u00e8ncia de la 4a tinenta d\u2019alcaldia i regidora de l\u2019\u00c0mbit de Territori, Habitatge, Esports i Salut, Teresa Gonz\u00e1lez, la regidora del Districte 4, Araceli Cruz, i representants de les entitats ve\u00efnals i culturals que en faran \u00fas dels locals per a la realitzaci\u00f3 d\u2019activitats c\u00edviques i culturals.&nbsp;<\/p>\n\n\n\n<p>L\u2019Ajuntament destinar\u00e0 l\u2019\u00fas dels locals n\u00fameros 5 i 6, de 97,8 m2 i 108,7 m<sup>2<\/sup> respectivament, a l\u2019Associaci\u00f3 de Ve\u00efns Ronda de Sant Antoni de Llefi\u00e0, mentre que els locals 3 i 4, de 97,8 m<sup>2<\/sup> cadascun<em>, <\/em>es destinaran a l\u2019\u00fas de<em>l\u2019Hermandad del Sant\u00edsimo Cristo Redentor y Nuestra Se\u00f1ora de la Soledad<\/em>.<\/p>\n\n\n\n<p>L\u2019alcalde de Badalona, Rub\u00e9n Guijarro, s\u2019ha mostrat molt satisfet per la signatura de la concessi\u00f3 i l\u2019\u00fas dels locals &nbsp;perqu\u00e8 \u201caquests espais ajudaran a dinamitzar la vida social i cultural del barri, l\u2019interior de l\u2019estaci\u00f3 no ser\u00e0 nom\u00e9s un lloc de pas, sin\u00f3 que tamb\u00e9 ser\u00e0 un espai de trobada per als ve\u00efns i les ve\u00efnes\u201d.&nbsp;<\/p>\n","protected":false},"excerpt":{"rendered":"<p>Aquest mat\u00ed ha tingut lloc l\u2019acte pel qual la Generalitat de Catalunya ha atorgat una cessi\u00f3 d\u2019\u00fas a l\u2019Ajuntament de Badalona de 4 locals situats a l\u2019estaci\u00f3 Llefi\u00e0 del Metro. Aquests locals es destinaran a les activitats de l\u2019Associaci\u00f3 de Ve\u00efns Ronda de Sant Antoni de Llefi\u00e0 i tamb\u00e9 a l\u2019entitat de l\u2019Hermandad del Sant\u00edsimo [&hellip;]<\/p>\n","protected":false},"author":2,"featured_media":3897,"comment_status":"open","ping_status":"open","sticky":false,"template":"","format":"standard","meta":{"footnotes":""},"categories":[23],"tags":[],"class_list":{"0":"post-3896","1":"post","2":"type-post","3":"status-publish","4":"format-standard","5":"has-post-thumbnail","7":"category-actualitat"},"_links":{"self":[{"href":"https:\/\/areabadalona.com\/diario\/wp-json\/wp\/v2\/posts\/3896","targetHints":{"allow":["GET"]}}],"collection":[{"href":"https:\/\/areabadalona.com\/diario\/wp-json\/wp\/v2\/posts"}],"about":[{"href":"https:\/\/areabadalona.com\/diario\/wp-json\/wp\/v2\/types\/post"}],"author":[{"embeddable":true,"href":"https:\/\/areabadalona.com\/diario\/wp-json\/wp\/v2\/users\/2"}],"replies":[{"embeddable":true,"href":"https:\/\/areabadalona.com\/diario\/wp-json\/wp\/v2\/comments?post=3896"}],"version-history":[{"count":1,"href":"https:\/\/areabadalona.com\/diario\/wp-json\/wp\/v2\/posts\/3896\/revisions"}],"predecessor-version":[{"id":3898,"href":"https:\/\/areabadalona.com\/diario\/wp-json\/wp\/v2\/posts\/3896\/revisions\/3898"}],"wp:featuredmedia":[{"embeddable":true,"href":"https:\/\/areabadalona.com\/diario\/wp-json\/wp\/v2\/media\/3897"}],"wp:attachment":[{"href":"https:\/\/areabadalona.com\/diario\/wp-json\/wp\/v2\/media?parent=3896"}],"wp:term":[{"taxonomy":"category","embeddable":true,"href":"https:\/\/areabadalona.com\/diario\/wp-json\/wp\/v2\/categories?post=3896"},{"taxonomy":"post_tag","embeddable":true,"href":"https:\/\/areabadalona.com\/diario\/wp-json\/wp\/v2\/tags?post=3896"}],"curies":[{"name":"wp","href":"https:\/\/api.w.org\/{rel}","templated":true}]}}