{"id":3893,"date":"2022-07-13T08:41:00","date_gmt":"2022-07-13T08:41:00","guid":{"rendered":"https:\/\/areabadalona.com\/diario\/?p=3893"},"modified":"2022-07-13T08:41:01","modified_gmt":"2022-07-13T08:41:01","slug":"els-teatres-badalonins-presenten-la-programacio-pel-que-queda-dany","status":"publish","type":"post","link":"https:\/\/areabadalona.com\/diario\/2022\/07\/13\/els-teatres-badalonins-presenten-la-programacio-pel-que-queda-dany\/","title":{"rendered":"Els teatres badalonins presenten la programaci\u00f3 pel que queda d&#8217;any"},"content":{"rendered":"\n<p>Els teatres municipals de Badalona -Zorrilla, Margarida Xirgu, Blas Infante- ja tenen a punt la <strong>nova temporada setembre-desembre 2022<\/strong>. L\u2019equip de Badalona Cultura ha plantejat una nova temporada amb un fort accent teatral i musical. Una programaci\u00f3 pensada per a tots els p\u00fablics que inclou, com sempre, a m\u00e9s de grans \u00e8xits teatrals, propostes de teatre familiar i creacions de companyies locals. Sense oblidar que la m\u00fasica, sobretot, per\u00f2 tamb\u00e9 el circ, tindran aquesta temporada una especial import\u00e0ncia.&nbsp;<\/p>\n\n\n\n<p>El tret de sortida ser\u00e0 el proper divendres <strong>23 de setembre<\/strong> amb un dels t\u00edtols m\u00e9s internacionals de la dramat\u00fargia contempor\u00e0nia catalana, <em>L\u2019oreneta<\/em>, protagonitzada per Emma Vilarasau i Dafnis Balduz. Entre la com\u00e8dia i el drama bascularan aquesta i les successives obres de la temporada, apostant, tamb\u00e9, moltes d\u2019elles, per un car\u00e0cter comprom\u00e8s i reivindicatiu.&nbsp;<\/p>\n\n\n\n<p>A aquest primer gran \u00e8xit de la temporada la seguiran, durant el mes d\u2019octubre, l\u2019original adaptaci\u00f3 shakespeariana de <em>Macbeth<\/em> de Jordi Oriol, <strong><em>La mala dicci\u00f3<\/em><\/strong><em>; <\/em>il\u2019epopeia \u00edntima i social sobre l\u2019envelliment, la depend\u00e8ncia i les cures de Victoria Szpunberg, <strong><em>El pes d\u2019un cos<\/em><\/strong>.El&nbsp; novembre ser\u00e0 un mes de mon\u00f2legs teatrals, un a tres veus al Teatre Margarida Xirgu sobre la soledat, <strong><em>M\u2019haur\u00edeu de pagar<\/em><\/strong>, de Jordi Prat i Coll; i un soliloqui de Blanca Portillo al Teatre Zorrilla amb <strong><em>Silencio<\/em><\/strong>, de Juan Mayorga. El showman Marcel Tom\u00e0s, acompanyat de la big band de la Girona Jazz Project, donar\u00e0 el toc d\u2019humor musical amb el gran show jazz\u00edstic<strong><em> Els colors de Duke Ellington<\/em><\/strong>. La com\u00e8dia dominar\u00e0 el mes de desembre. Tindr\u00e0 un caire m\u00e9s dram\u00e0tic a <strong><em>Monopoli<\/em><\/strong>, de Mar Monegal; esbojarrat a <strong><em>Una ter\u00e0pia integral<\/em><\/strong>, de Cristina Clemente i Marc Angelet; perspica\u00e7 en el mon\u00f2leg teatralitzat d\u2019Alex O\u2019Dogerthy, <strong><em>Imb\u00e9cil<\/em><\/strong>; i sat\u00edric en l\u2019auca ecologista sobre l\u2019emerg\u00e8ncia clim\u00e0tica de La Cal\u00f2rica, <strong><em>De qu\u00e8 parlem mentre no parlem de tota aquesta merda<\/em><\/strong>.&nbsp;<\/p>\n\n\n\n<p>La <strong>programaci\u00f3 de proximitat<\/strong> seguir\u00e0 sent un dels eixos del programa d\u2019arts esc\u00e8niques. Les formacions badalonines <strong>Les Badiu i M\u00e0gic Empenta<\/strong>, en el marc del programa \u201cBadalona a escena\u201d, presentaran al mes de novembre al Teatre Margarida Xirgu i al Teatre Blas Infante, respectivament, les seves \u00faltimes creacions: <strong><em>Nunca digas de este culo no comer\u00e9<\/em><\/strong> per part de Les Badiu i <strong><em>Tempus Fugit<\/em><\/strong> per part de M\u00e0gic Empenta. Tamb\u00e9 estaran presents la Banda Simf\u00f2nica de Badalona, que portar\u00e0 un any m\u00e9s al Zorrilla el tradicional Concert de Santa Cec\u00edlia; i la big band de l\u2019Escola Moderna de Badalona, que presentar\u00e0 al Teatre Margarida Xirgu un projecte renovat que integra una nova generaci\u00f3 de joves m\u00fasics.&nbsp;<\/p>\n\n\n\n<p>Tancaran la temporada, durant les festes nadalenques, dues propostes pensades per anar al teatre amb tota la fam\u00edlia. El divendres 23 de desembre l\u2019Orquestra Simf\u00f2nica Sant Cugat porta a Badalona el tradicional <strong><em>Concert de Nadal de Valsos i Danses<\/em><\/strong>; i el dimecres 4 de gener la companyia Circ Pistolet arrencar\u00e0 el nou any amb l\u2019espectacle d\u2019alt voltatge <strong><em>Potser no hi ha final<\/em><\/strong>, un retorn al circ tradicional per\u00f2 d\u2019una manera moderna a ritme de rock.<\/p>\n\n\n\n<p>ESPECTACLES FAMILIARS&nbsp;<\/p>\n\n\n\n<p>Repartits al llarg de tota la temporada, les fam\u00edlies badalonines podran gaudir de quatre espectacles familiars molt originals i de gran qualitat: <strong><em>Tot esperant en Will<\/em><\/strong> de la companyia Egos Petits, <strong><em>Maquinaig\u00fces<\/em><\/strong> de la companyia badalonina La Tresca i la Verdesca, <strong><em>Las Cotton<\/em><\/strong> de la companyia Anita Maravillas i, tancar\u00e0 el repertori familiar, el diumenge 18 de desembre al Teatre Margarida Xirgu, l\u2019espectacle <strong><em>S\u00f3c una nou<\/em><\/strong> de la companyia Zum-Zum Teatre.<\/p>\n\n\n\n<p>FILMETS&nbsp;<\/p>\n\n\n\n<p><strong>Del 21 al 30 d\u2019octubre<\/strong> el Teatre Zorrilla acollir\u00e0 la <strong>48\u00aa edici\u00f3<\/strong> del Festival FILMETS de Badalona. Una edici\u00f3 que repr\u00e8n el <strong>format exclusivament presencial <\/strong>i recupera l\u2019esperit de sempre oferint projeccions di\u00e0ries al Teatre Zorrilla en sessions tem\u00e0tiques.&nbsp;<\/p>\n\n\n\n<p>Les entrades continuaran sent d\u2019acc\u00e9s lliure, per\u00f2 les persones que hi vulguin assistir s\u2019hauran de <strong>registrar pr\u00e8viament<\/strong> al web <a href=\"http:\/\/www.festivalfilmets.cat\/\">www.festivalfilmets.cat<\/a>.&nbsp;<\/p>\n\n\n\n<p>TALLERS DE TEATRE&nbsp;<\/p>\n\n\n\n<p>El proper mes d\u2019octubre comen\u00e7ar\u00e0 un <strong>nou curs dels Tallers de teatre al Teatre Zorrilla<\/strong>. &nbsp;<\/p>\n\n\n\n<p>Les <strong>inscripcions<\/strong> per als quatre cursos d\u2019edat (de 10 a 12 anys, de 13 a 15, de 16 a 18 i de majors de 18) <strong>ja estan obertes<\/strong> a trav\u00e9s del web <a href=\"http:\/\/www.teatrezorrilla.cat\/tallers-de-teatre\">www.teatrezorrilla.cat\/tallers-de-teatre<\/a>.I romandran actives fins a exhaurir places.&nbsp;<\/p>\n\n\n\n<p>CINEMA AL TEATRE MARGARIDA XIRGU&nbsp;<\/p>\n\n\n\n<p>El Teatre Margarida Xirgu consolida la seva oferta cinematogr\u00e0fica mantenint els tres cicles de cinema: el <strong><em>Cicle Gaud\u00ed<\/em><\/strong> i el cicle de cinema documental <strong><em>Docs Del Mes<\/em><\/strong> els dimecres a les 20h de la tarda, i el cicle de cinema familiar, <strong><em>Pack M\u00e0gic<\/em><\/strong>, undiumenge al mes a les 12h del mat\u00ed (tret de l\u2019\u00faltima sessi\u00f3 que ser\u00e0 el dimecres 28 de desembre).&nbsp;<\/p>\n\n\n\n<p>VENDA D\u2019ENTRADES I ABONAMENTS&nbsp;<\/p>\n\n\n\n<p>Les entrades es podran comprar a partir de <strong>dilluns 25 de juliol<\/strong> al web <a href=\"http:\/\/www.teatrezorrilla.cat\/\">www.teatrezorrilla.cat<\/a>.&nbsp;<\/p>\n\n\n\n<p>Les entrades de tots els espectacles <strong>es seguiran venent exclusivament per internet<\/strong>. Badalona Cultura assumir\u00e0 la comissi\u00f3 en la venda electr\u00f2nica per facilitar la compra per aquest canal. No obstant, les taquilles del Teatre Zorrilla i Margarida Xirgu oferiran atenci\u00f3 presencial els dies que hi hagi funci\u00f3 (dues hores abans de l&#8217;espectacle) i altres dies amb cita pr\u00e8via nom\u00e9s a aquelles persones que no tinguin acc\u00e9s a internet o que tinguin dificultats per comprar les entrades de manera telem\u00e0tica. Aquest servei es donar\u00e0 sempre amb cita pr\u00e8via trucant al 93 384 40 22 de dimarts a dijous de 12 a 14 h.&nbsp;<\/p>\n\n\n\n<p><strong>Durant aquest mes de juliol, les taquilles del Teatre Zorrilla romandran obertes oferint atenci\u00f3 presencial en horari de 18 a 20.30 h els dies 25, 26, 27 i 28 de juliol.<\/strong>&nbsp;<\/p>\n\n\n\n<p>Aquesta temporada <strong>es tornen a implementar els habituals abonaments de temporada.<\/strong> Les<strong> zones de preus<\/strong> als tres teatres que s\u2019havien consolidat a la tardor del 2019<strong> tornaran a estar tamb\u00e9 actives.<\/strong><strong>&nbsp;<\/strong><\/p>\n\n\n\n<p><strong>Els dies 19, 20, 21 i 22 de juliol de 18 a 20.30h les taquilles del Teatre Zorrilla romandran obertes per renovar i vendre presencialment els abonaments de temporada.<\/strong><strong>&nbsp;<\/strong><\/p>\n","protected":false},"excerpt":{"rendered":"<p>Els teatres municipals de Badalona -Zorrilla, Margarida Xirgu, Blas Infante- ja tenen a punt la nova temporada setembre-desembre 2022. L\u2019equip de Badalona Cultura ha plantejat una nova temporada amb un fort accent teatral i musical. Una programaci\u00f3 pensada per a tots els p\u00fablics que inclou, com sempre, a m\u00e9s de grans \u00e8xits teatrals, propostes de [&hellip;]<\/p>\n","protected":false},"author":2,"featured_media":3894,"comment_status":"open","ping_status":"open","sticky":false,"template":"","format":"standard","meta":{"footnotes":""},"categories":[25],"tags":[],"class_list":{"0":"post-3893","1":"post","2":"type-post","3":"status-publish","4":"format-standard","5":"has-post-thumbnail","7":"category-cultura"},"_links":{"self":[{"href":"https:\/\/areabadalona.com\/diario\/wp-json\/wp\/v2\/posts\/3893","targetHints":{"allow":["GET"]}}],"collection":[{"href":"https:\/\/areabadalona.com\/diario\/wp-json\/wp\/v2\/posts"}],"about":[{"href":"https:\/\/areabadalona.com\/diario\/wp-json\/wp\/v2\/types\/post"}],"author":[{"embeddable":true,"href":"https:\/\/areabadalona.com\/diario\/wp-json\/wp\/v2\/users\/2"}],"replies":[{"embeddable":true,"href":"https:\/\/areabadalona.com\/diario\/wp-json\/wp\/v2\/comments?post=3893"}],"version-history":[{"count":1,"href":"https:\/\/areabadalona.com\/diario\/wp-json\/wp\/v2\/posts\/3893\/revisions"}],"predecessor-version":[{"id":3895,"href":"https:\/\/areabadalona.com\/diario\/wp-json\/wp\/v2\/posts\/3893\/revisions\/3895"}],"wp:featuredmedia":[{"embeddable":true,"href":"https:\/\/areabadalona.com\/diario\/wp-json\/wp\/v2\/media\/3894"}],"wp:attachment":[{"href":"https:\/\/areabadalona.com\/diario\/wp-json\/wp\/v2\/media?parent=3893"}],"wp:term":[{"taxonomy":"category","embeddable":true,"href":"https:\/\/areabadalona.com\/diario\/wp-json\/wp\/v2\/categories?post=3893"},{"taxonomy":"post_tag","embeddable":true,"href":"https:\/\/areabadalona.com\/diario\/wp-json\/wp\/v2\/tags?post=3893"}],"curies":[{"name":"wp","href":"https:\/\/api.w.org\/{rel}","templated":true}]}}