{"id":3808,"date":"2022-06-22T08:51:43","date_gmt":"2022-06-22T08:51:43","guid":{"rendered":"https:\/\/areabadalona.com\/diario\/?p=3808"},"modified":"2022-06-22T08:51:44","modified_gmt":"2022-06-22T08:51:44","slug":"mes-de-2-000-veins-i-veines-de-badalona-ja-han-votat-en-el-proces-participatiu-per-escollir-el-nou-disseny-del-pont-del-petroli","status":"publish","type":"post","link":"https:\/\/areabadalona.com\/diario\/2022\/06\/22\/mes-de-2-000-veins-i-veines-de-badalona-ja-han-votat-en-el-proces-participatiu-per-escollir-el-nou-disseny-del-pont-del-petroli\/","title":{"rendered":"M\u00e9s de 2.000 ve\u00efns i ve\u00efnes de Badalona ja han votat en el proc\u00e9s  participatiu per escollir el nou disseny del pont del Petroli\u00a0"},"content":{"rendered":"\n<p>Fins a les 12 hores d\u2019aquest dimarts 21 de juny, m\u00e9s de 2.000 badalonins i badalonines ja han votat en el proc\u00e9s participatiu per escollir el nou disseny del pont del Petroli, que va iniciar-se ahir. En aquest moment, una de les opcions presentada t\u00e9 el 66% de vots i l&#8217;altra, el 34%. &nbsp;<\/p>\n\n\n\n<p>Es recorda que, fins al&nbsp; dilluns 27 de juny, qualsevol persona empadronada a Badalona, amb m\u00e9s de setze anys, pot participar en la votaci\u00f3 telem\u00e0ticament a trav\u00e9s de <a href=\"http:\/\/ajuntament.badalona.cat\/proces-participatiu-per-escollir-el-nou-disseny-del-pont-del-petroli\/\">l\u2019espai que s\u2019ha habilitat a la p\u00e0gina web municipal<\/a>, on tamb\u00e9 es troba la informaci\u00f3 sobre les dues alternatives presentades. A m\u00e9s, el dissabte 25 de juny, d\u201911 a 13 hores, hi haur\u00e0 una carpa amb ordinadors que s\u2019instal\u00b7lar\u00e0 al passeig Mar\u00edtim, a tocar del mateix pont del Petroli, per facilitar la participaci\u00f3 de la ciutadania.&nbsp;<\/p>\n\n\n\n<p>L\u2019alcalde de Badalona, Rub\u00e9n Guijarro, valora molt positivament aquestes primeres 24 hores de proc\u00e9s participatiu i l\u2019acollida que ha tingut la iniciativa entre els ve\u00efns i ve\u00efnes de Badalona. L\u2019alcalde anima la ciutadania a continuar participant i recorda que el resultat es far\u00e0 p\u00fablic la setmana vinent en una roda de premsa.&nbsp;<\/p>\n","protected":false},"excerpt":{"rendered":"<p>Fins a les 12 hores d\u2019aquest dimarts 21 de juny, m\u00e9s de 2.000 badalonins i badalonines ja han votat en el proc\u00e9s participatiu per escollir el nou disseny del pont del Petroli, que va iniciar-se ahir. En aquest moment, una de les opcions presentada t\u00e9 el 66% de vots i l&#8217;altra, el 34%. &nbsp; Es [&hellip;]<\/p>\n","protected":false},"author":2,"featured_media":3809,"comment_status":"open","ping_status":"open","sticky":false,"template":"","format":"standard","meta":{"footnotes":""},"categories":[23],"tags":[],"class_list":{"0":"post-3808","1":"post","2":"type-post","3":"status-publish","4":"format-standard","5":"has-post-thumbnail","7":"category-actualitat"},"_links":{"self":[{"href":"https:\/\/areabadalona.com\/diario\/wp-json\/wp\/v2\/posts\/3808","targetHints":{"allow":["GET"]}}],"collection":[{"href":"https:\/\/areabadalona.com\/diario\/wp-json\/wp\/v2\/posts"}],"about":[{"href":"https:\/\/areabadalona.com\/diario\/wp-json\/wp\/v2\/types\/post"}],"author":[{"embeddable":true,"href":"https:\/\/areabadalona.com\/diario\/wp-json\/wp\/v2\/users\/2"}],"replies":[{"embeddable":true,"href":"https:\/\/areabadalona.com\/diario\/wp-json\/wp\/v2\/comments?post=3808"}],"version-history":[{"count":1,"href":"https:\/\/areabadalona.com\/diario\/wp-json\/wp\/v2\/posts\/3808\/revisions"}],"predecessor-version":[{"id":3810,"href":"https:\/\/areabadalona.com\/diario\/wp-json\/wp\/v2\/posts\/3808\/revisions\/3810"}],"wp:featuredmedia":[{"embeddable":true,"href":"https:\/\/areabadalona.com\/diario\/wp-json\/wp\/v2\/media\/3809"}],"wp:attachment":[{"href":"https:\/\/areabadalona.com\/diario\/wp-json\/wp\/v2\/media?parent=3808"}],"wp:term":[{"taxonomy":"category","embeddable":true,"href":"https:\/\/areabadalona.com\/diario\/wp-json\/wp\/v2\/categories?post=3808"},{"taxonomy":"post_tag","embeddable":true,"href":"https:\/\/areabadalona.com\/diario\/wp-json\/wp\/v2\/tags?post=3808"}],"curies":[{"name":"wp","href":"https:\/\/api.w.org\/{rel}","templated":true}]}}