{"id":3805,"date":"2022-06-22T08:45:40","date_gmt":"2022-06-22T08:45:40","guid":{"rendered":"https:\/\/areabadalona.com\/diario\/?p=3805"},"modified":"2022-06-22T08:45:41","modified_gmt":"2022-06-22T08:45:41","slug":"loperatiu-especial-de-la-revetlla-de-sant-joan-destina-mes-mitjans-materials-i-personals-a-la-neteja-de-les-platges-del-passeig-maritim-i-del-conjunt-de-la-ciutat","status":"publish","type":"post","link":"https:\/\/areabadalona.com\/diario\/2022\/06\/22\/loperatiu-especial-de-la-revetlla-de-sant-joan-destina-mes-mitjans-materials-i-personals-a-la-neteja-de-les-platges-del-passeig-maritim-i-del-conjunt-de-la-ciutat\/","title":{"rendered":"L\u2019operatiu especial de la revetlla de Sant Joan destina m\u00e9s  mitjans materials i personals a la neteja de les platges, del passeig Mar\u00edtim i  del conjunt de la ciutat \u00a0"},"content":{"rendered":"\n<p>El dispositiu organitzat per l\u2019Ajuntament de Badalona amb motiu de la celebraci\u00f3 de la revetlla de Sant Joan mant\u00e9 l\u2019objectiu de garantir el normal desenvolupament de la revetlla a la platja i alhora assegurar el civisme i la conviv\u00e8ncia en una nit especial, en qu\u00e8 es fa un \u00fas m\u00e9s intensiu d\u2019aquest espai p\u00fablic. Tamb\u00e9 es vol assegurar que no es congestioni el tr\u00e0nsit de la zona de la platja amb l\u2019objectiu de facilitar, si calgu\u00e9s, l\u2019acc\u00e9s de serveis urgents d\u2019assist\u00e8ncia, seguretat i d\u2019extinci\u00f3 d\u2019incendis. Aquest dimarts s\u2019ha celebrat a l\u2019edifici municipal El Viver una reuni\u00f3 per coordinar el dispositiu de seguretat que es desplegar\u00e0 a Badalona durant la Nit de Sant Joan presidida per l\u2019alcalde de Badalona, Rub\u00e9n Guijarro. &nbsp;<\/p>\n\n\n\n<p>Amb aquest operatiu especial de Sant Joan es vol:&nbsp;<\/p>\n\n\n\n<ul class=\"wp-block-list\"><li>Promoure un \u00fas c\u00edvic de l\u2019espai de platja la nit de revetlla&nbsp;<\/li><li>Facilitar la retirada de tots els residus de la platja del passeig Mar\u00edtim i dels seus accessos&nbsp;<\/li><li>Possibilitar l\u2019\u00fas de la platja a les persones que la vulguin utilitzar el dia 24 al mat\u00ed&nbsp;<\/li><li><\/li><\/ul>\n\n\n\n<p>En aquest servei hi participen els serveis municipals de Medi Ambient, d\u2019Espais P\u00fablics, Feminismes i de Gu\u00e0rdia Urbana, Mossos d\u2019Esquadra i personal de l\u2019\u00c0rea Metropolitana de Barcelona.&nbsp;<\/p>\n\n\n\n<p>&nbsp;<br><strong>Operatiu de neteja &nbsp;<\/strong><\/p>\n\n\n\n<p>Les feines de neteja al litoral comen\u00e7aran a les 6 hores del dia 24 amb mitjans manuals i mec\u00e0nics. Per aquest motiu, s\u2019estableix que el l\u00edmit d\u2019horari per ocupar la platja durant la revetlla ser\u00e0 les 5.30 hores. Aquest horari es comunicar\u00e0 a totes les persones que ocupin l\u2019espai de platja a trav\u00e9s de megafonia. &nbsp;<\/p>\n\n\n\n<p>La neteja s\u2019iniciar\u00e0 a la platja dels Pescadors, a l\u2019al\u00e7ada del restaurant La Donzella de la Costa. Els efectius es dividiran en dues brigades: una anir\u00e0 avan\u00e7ant en direcci\u00f3 sud i l\u2019altra en direcci\u00f3 nord. Els i les agents dels cossos de seguretat aniran acompanyant les garbelladores i el personal de neteja. Si en el decurs de la neteja es detecta que algun tram de platja resta especialment brut es tancar\u00e0 l\u2019acc\u00e9s fins que no estigui en condicions \u00f2ptimes per poder-lo fer servir.&nbsp;<\/p>\n\n\n\n<p><strong>Neteja de la sorra <\/strong><strong>&nbsp;<\/strong><\/p>\n\n\n\n<p>La neteja de la sorra anir\u00e0 a c\u00e0rrec de l\u2019\u00c0rea Metropolitana de Barcelona i comptar\u00e0 amb els seg\u00fcents mitjans:&nbsp;<\/p>\n\n\n\n<ul class=\"wp-block-list\"><li>1 tractor amb garbelladora&nbsp;<br><\/li><li>5 vehicles 4&#215;4 &nbsp;<\/li><li>1 cami\u00f3 compactador 4&#215;4&nbsp;<\/li><li>1 cami\u00f3 amb recol\u00b7lector&nbsp;<\/li><li>42 persones &nbsp;<\/li><li>3 contenidors oberts <strong>&nbsp;<\/strong><\/li><\/ul>\n\n\n\n<p><strong>Manteniment de les platges (AMB)&nbsp;<\/strong><\/p>\n\n\n\n<ul class=\"wp-block-list\"><li>2 vehicles 4&#215;4 &nbsp;<\/li><li>1 encarregat&nbsp;<\/li><li>3 operaris&nbsp;<\/li><\/ul>\n\n\n\n<p><strong>Neteja del passeig Mar\u00edtim i dels seus accessos<\/strong><\/p>\n\n\n\n<p>La neteja d\u2019aquesta zona, el dia 24 de juny, a partir de les 6 hores, anir\u00e0 a c\u00e0rrec dels serveis municipals de l\u2019Ajuntament de Badalona i comptar\u00e0 amb aquests mitjans:&nbsp;<\/p>\n\n\n\n<ul class=\"wp-block-list\"><li>3 equips d\u2019escombrada mixta&nbsp;<br><\/li><li>3 camions amb caixa oberta amb plataforma&nbsp;<\/li><li>3 equips de brigada&nbsp;<\/li><li>20 persones&nbsp;<\/li><\/ul>\n\n\n\n<p><strong>Operatiu de neteja a la ciutat fins al 26 de juny<\/strong><\/p>\n\n\n\n<p>Per tercer any consecutiu, a la resta de la ciutat es refor\u00e7ar\u00e0 el servei de neteja especialment en les principals places, carrers i tamb\u00e9 a espais de revetlles. El dispositiu s\u2019allargar\u00e0 fins al 26 de juny, per tal que les brigades actu\u00efn en aquells punts de la ciutat que ho requereixin despr\u00e9s de la revetlla.<\/p>\n\n\n\n<p>Dia 24 de juny&nbsp;<\/p>\n\n\n\n<ul class=\"wp-block-list\"><li>2 camions amb caixa oberta amb plataforma&nbsp;<br><\/li><li>2 equips de brigada&nbsp;<\/li><li>6 persones en total&nbsp;<\/li><li>M\u00e9s els equips del passeig Mar\u00edtim que s\u2019incorporaran al llarg del mat\u00ed a la neteja de places i carrers.&nbsp;<\/li><\/ul>\n\n\n\n<p>Dia 25 de juny<\/p>\n\n\n\n<ul class=\"wp-block-list\"><li>4 camions amb caixa oberta amb plataforma&nbsp;<\/li><li>4 equips de brigada&nbsp;<\/li><li>8 persones en total<\/li><li>M\u00e9s els serveis de neteja habituals ja programats de Neteja Vi\u00e0ria de dissabtes&nbsp;&nbsp;<\/li><\/ul>\n\n\n\n<p>Dia 26 de juny<\/p>\n\n\n\n<ul class=\"wp-block-list\"><li>4 camions amb caixa oberta amb plataforma&nbsp;<br><\/li><li>4 equips de brigada&nbsp;<\/li><li>8 persones en total&nbsp;<\/li><li>M\u00e9s els serveis de neteja habituals ja programats de Neteja Vi\u00e0ria de diumenges&nbsp;<\/li><\/ul>\n\n\n\n<p><strong>Seguretat&nbsp;<\/strong><\/p>\n\n\n\n<p>L\u2019operatiu comptar\u00e0 amb la pres\u00e8ncia de la Gu\u00e0rdia Urbana i de Mossos d\u2019Esquadra. Els i les agents de seguretat aniran acompanyant les garbelladores i el personal de neteja per tal de facilitar les tasques de neteja. Gu\u00e0rdia Urbana i Mossos d\u2019Esquadra desplegaran un dispositiu integrat per 60 agents.&nbsp;<\/p>\n\n\n\n<p><strong>Servei de salvament i socorrisme<\/strong>&nbsp;<\/p>\n\n\n\n<p>L\u2019Ajuntament de Badalona mant\u00e9 el servei de salvament i socorrisme a la platja durant la revetlla de Sant Joan, entre les 22 hores del dimecres dia 23 de juny i fins a les 6 hores del dijous dia 24, amb la pres\u00e8ncia de sis socorristes i un vehicle.&nbsp;<\/p>\n\n\n\n<p><strong>Guinguetes i bars &nbsp;<\/strong><\/p>\n\n\n\n<p>Les guinguetes que donen servei de temporada de bar a les platges podran estar obertes fins a les 2 de la matinada. Disposaran d\u2019una hora per recollir el material de la terrassa i netejar la zona perimetral de 10 metres. A les 3 hores han d\u2019estar definitivament tancades. El dia 23 l\u2019horari l\u00edmit per descarregar mercaderies per als bars ser\u00e0 les 20 hores. &nbsp;<\/p>\n\n\n\n<p><strong>Megafonia&nbsp;<\/strong><\/p>\n\n\n\n<p>Per informar de l\u2019operatiu a les persones que es trobin a les platges a partir de les 5.15 hores s\u2019emetran missatges pel servei de megafonia fins a les 6 hores. A aquesta hora s\u2019informar\u00e0 de l\u2019imminent inici de l\u2019operatiu de neteja i es demanar\u00e0 que la ciutadania deixi l\u2019espai lliure per facilitar les tasques de neteja. &nbsp;<\/p>\n\n\n\n<p><strong>Fogueres&nbsp;<\/strong><\/p>\n\n\n\n<p>Estar\u00e0 totalment prohibit qualsevol tipus de foguera a la platja, incloses les barbacoes, d\u2019acord amb l\u2019Ordenan\u00e7a municipal de platja. La prohibici\u00f3 de fer fogueres es fa extensiva a la resta del municipi.&nbsp;<\/p>\n\n\n\n<p><strong>Controls dels accessos a la zona de platges&nbsp;<\/strong><\/p>\n\n\n\n<p>La Gu\u00e0rdia Urbana de Badalona controlar\u00e0 els accessos en vehicle a les platges a partir de les 19 hores del dia 23. Durant la revetlla de Sant Joan no es podr\u00e0 aparcar a la fa\u00e7ana mar\u00edtima. Els agents controlaran els accessos pels passos soterrats del carrer de la Riera de Canyad\u00f3, l\u2019avinguda d\u2019en Mart\u00ed Pujol i l\u2019avinguda de Sant Ignasi de Loiola i tamb\u00e9 al Port. &nbsp;<\/p>\n\n\n\n<p>Tamb\u00e9 cal destacar que la platja de la Marina, situada entre el Port i el barri de la Mora romandr\u00e0 tancada a partir de les 19 hores del dia 23 i fins a les 8 del mat\u00ed del dia 24.&nbsp;<\/p>\n\n\n\n<p><strong>Punts liles durant la revetlla&nbsp;<\/strong><\/p>\n\n\n\n<p>L\u2019Ajuntament de Badalona instal\u00b7lar\u00e0 durant la revetlla de Sant Joan dos \u201cPunts liles\u201d per oferir espais per a la prevenci\u00f3 de l\u2019assetjament, l\u2019ab\u00fas i les agressions sexuals, masclistes i LGBTI-f\u00f2biques als espais p\u00fablics. S\u2019ubicaran a la platja dels Pescadors i a la platja del Coco, entre les 11 de la nit del dia 23 i les 6 del mat\u00ed del dia 24 de juny.&nbsp;<\/p>\n\n\n\n<p><strong>Recomanacions&nbsp;<\/strong><\/p>\n\n\n\n<p>Enguany, atesa la p\u00e8rdua de sorra que ha anat experimentant la platja de la Barca Maria en els darrers temporals, l\u2019Ajuntament fa una crida a la ciutadania per no accedir a aquest sector del litoral per celebrar la revetlla de Sant Joan.&nbsp;<\/p>\n\n\n\n<p>L\u2019Ajuntament de Badalona demana la col\u00b7laboraci\u00f3 de tota la ciutadania per tal que utilitzi un l\u2019espai p\u00fablic com \u00e9s la platja d\u2019una manera c\u00edvica, tant per celebrar la revetlla de Sant Joan com per al seu \u00fas l\u2019endem\u00e0 com a zona de bany.&nbsp;<\/p>\n\n\n\n<p>\u00c9s per aix\u00f2 que l\u2019Ajuntament recorda que a la platja:&nbsp;<\/p>\n\n\n\n<ul class=\"wp-block-list\"><li>No es pot encendre cap tipus de foguera ni barbacoa&nbsp;<\/li><li>No es pot acampar a la platja&nbsp;<\/li><li>Cal respectar el mobiliari urb\u00e0, tant del passeig com de la platja&nbsp;<\/li><li>Cal recollir totes les deixalles generades i dipositar-les a les papereres&nbsp;<\/li><li>No es poden instal\u00b7lar equips de m\u00fasica&nbsp;<\/li><li>S\u2019han d\u2019evitar usos inc\u00edvics que pertorbin l\u2019\u00fas d\u2019aquest espai&nbsp;<\/li><li>Per motius de seguretat es recomana utilitzar el pont elevat sobre la via del tren del carrer del Torrent Vallmajor nom\u00e9s com a zona de pas sense aturar-se&nbsp; &nbsp;<\/li><\/ul>\n\n\n\n<p>Tamb\u00e9 es recomana a tothom que vulgui anar a la platja el dia 24 al mat\u00ed que no ho faci fins a les 10 hores, que \u00e9s quan l\u2019operatiu de neteja estar\u00e0 finalitzant les seves tasques.&nbsp;<\/p>\n\n\n\n<p><strong>S\u2019avan\u00e7a l\u2019horari de la recollida de residus a la ciutat&nbsp;<\/strong><\/p>\n\n\n\n<p>Pel que fa a la recollida de residus a la ciutat el dia 23 de juny, cal recordar que aquell dia la recollida de contenidors dels residus de resta i org\u00e0nica s\u2019avan\u00e7a a la tarda. Cal destacar que al sector del Centre, no es far\u00e0 el servei de posar i treure els contenidors. No obstant, es refor\u00e7ar\u00e0 la neteja a la zona Centre. Tamb\u00e9 es recorda que el perimetral del sector disposa de contenidors per cobrir les necessitats.&nbsp;<\/p>\n\n\n\n<p><strong>Consells de Protecci\u00f3 Civil&nbsp;<\/strong><\/p>\n\n\n\n<p>D\u2019altra banda, l\u2019Ajuntament de Badalona recomana seguir durant aquesta revetlla de Sant Joan 2022 els seg\u00fcents consells de Protecci\u00f3 Civil:&nbsp;<\/p>\n\n\n\n<p><strong>Consells per a manipular els petards&nbsp;<\/strong><\/p>\n\n\n\n<p><strong><br>Abans de manipular els petards&nbsp;<\/strong><\/p>\n\n\n\n<ul class=\"wp-block-list\"><li>No us guardeu petards a les butxaques.&nbsp;<\/li><li>Cal llegir les instruccions de cada article.&nbsp;<\/li><li>Assegureu-vos de comprar els productes pirot\u00e8cnics homologats en un establiment autoritzat.&nbsp;<\/li><li><strong><\/strong><\/li><\/ul>\n\n\n\n<p><strong>En encendre els petards<\/strong><\/p>\n\n\n\n<ul class=\"wp-block-list\"><li>No subjecteu els petards amb les mans.&nbsp;<\/li><li>No poseu els petards a prop de la cara ni del cos.&nbsp;<\/li><li>Utilitzeu mitjans segurs per encendre el material pirot\u00e8cnic: metxes i similars.&nbsp;<\/li><li>Enceneu sempre la metxa per l\u2019extrem, perqu\u00e8 us doni temps d\u2019enretirar-vos.&nbsp;<\/li><li>Si un petard no s\u2019enc\u00e9n b\u00e9, no el toqueu fins al cap de mitja hora i remulleu-lo.&nbsp;<\/li><li>No llanceu mai petards contra ning\u00fa.&nbsp;<\/li><\/ul>\n\n\n\n<p><strong>On encendre els petards amb seguretat<\/strong><\/p>\n\n\n\n<ul class=\"wp-block-list\"><li>No llanceu coets ni petards a menys de 500 metres de zones boscoses.&nbsp;<\/li><li>Als llocs on es facin revetlles cal recollir la roba estesa i els tendals, i tancar portes i finestres.&nbsp;<\/li><li>No encengueu cap petard dins les cases.&nbsp;<\/li><li>No llanceu ni manipuleu petards des de balconades ni finestres.&nbsp;<\/li><li>Vigileu que no hi hagi a la vora l\u00edquids inflamables. S\u2019encenen f\u00e0cilment i els vapors poden explotar.&nbsp;&nbsp;<\/li><\/ul>\n\n\n\n<p><strong>No manipuleu els petards<\/strong><\/p>\n\n\n\n<ul class=\"wp-block-list\"><li>No talleu el tros final de les traques, poden explotar amb viol\u00e8ncia.&nbsp;<\/li><li>No fiqueu mai petards dins de totxanes ni ampolles, perqu\u00e8 en explotar fan metralla que pot fer molt de mal.&nbsp;<\/li><\/ul>\n\n\n\n<p>L\u2019alcalde de Badalona. Rub\u00e9n Guijarro, ha indicat: \u00abDes del Govern hem coordinat totes les \u00e0rees municipals implicades en el dispositiu de seguretat de la Nit de Sant Joan per fomentar el civisme durant la revetlla i assegurar que tota la ciutadania pot gaudir d&#8217;aquesta jornada respectant a la resta de ve\u00efns.\u00bb Guijarro ha explicat: \u00abLa Gu\u00e0rdia Urbana de Badalona refor\u00e7ar\u00e0 especialment la seva pres\u00e8ncia en la zona del litoral i en els barris que toquen a la Serralada de Marina per tal de garantir que no es produeixen actes inc\u00edvics i, sobretot, que no es llencin petards i focs artificials a menys de 500 metres d&#8217;\u00e0rees on pot produir-se un incendi\u00bb.<\/p>\n","protected":false},"excerpt":{"rendered":"<p>El dispositiu organitzat per l\u2019Ajuntament de Badalona amb motiu de la celebraci\u00f3 de la revetlla de Sant Joan mant\u00e9 l\u2019objectiu de garantir el normal desenvolupament de la revetlla a la platja i alhora assegurar el civisme i la conviv\u00e8ncia en una nit especial, en qu\u00e8 es fa un \u00fas m\u00e9s intensiu d\u2019aquest espai p\u00fablic. Tamb\u00e9 [&hellip;]<\/p>\n","protected":false},"author":2,"featured_media":3806,"comment_status":"open","ping_status":"open","sticky":false,"template":"","format":"standard","meta":{"footnotes":""},"categories":[23],"tags":[],"class_list":{"0":"post-3805","1":"post","2":"type-post","3":"status-publish","4":"format-standard","5":"has-post-thumbnail","7":"category-actualitat"},"_links":{"self":[{"href":"https:\/\/areabadalona.com\/diario\/wp-json\/wp\/v2\/posts\/3805","targetHints":{"allow":["GET"]}}],"collection":[{"href":"https:\/\/areabadalona.com\/diario\/wp-json\/wp\/v2\/posts"}],"about":[{"href":"https:\/\/areabadalona.com\/diario\/wp-json\/wp\/v2\/types\/post"}],"author":[{"embeddable":true,"href":"https:\/\/areabadalona.com\/diario\/wp-json\/wp\/v2\/users\/2"}],"replies":[{"embeddable":true,"href":"https:\/\/areabadalona.com\/diario\/wp-json\/wp\/v2\/comments?post=3805"}],"version-history":[{"count":1,"href":"https:\/\/areabadalona.com\/diario\/wp-json\/wp\/v2\/posts\/3805\/revisions"}],"predecessor-version":[{"id":3807,"href":"https:\/\/areabadalona.com\/diario\/wp-json\/wp\/v2\/posts\/3805\/revisions\/3807"}],"wp:featuredmedia":[{"embeddable":true,"href":"https:\/\/areabadalona.com\/diario\/wp-json\/wp\/v2\/media\/3806"}],"wp:attachment":[{"href":"https:\/\/areabadalona.com\/diario\/wp-json\/wp\/v2\/media?parent=3805"}],"wp:term":[{"taxonomy":"category","embeddable":true,"href":"https:\/\/areabadalona.com\/diario\/wp-json\/wp\/v2\/categories?post=3805"},{"taxonomy":"post_tag","embeddable":true,"href":"https:\/\/areabadalona.com\/diario\/wp-json\/wp\/v2\/tags?post=3805"}],"curies":[{"name":"wp","href":"https:\/\/api.w.org\/{rel}","templated":true}]}}