{"id":3801,"date":"2022-06-21T08:44:38","date_gmt":"2022-06-21T08:44:38","guid":{"rendered":"https:\/\/areabadalona.com\/diario\/?p=3801"},"modified":"2022-06-21T08:45:16","modified_gmt":"2022-06-21T08:45:16","slug":"lajuntament-de-badalona-ofereix-aquest-estiu-sortides-desnorquel-a-la-platja-guiades-per-experts","status":"publish","type":"post","link":"https:\/\/areabadalona.com\/diario\/2022\/06\/21\/lajuntament-de-badalona-ofereix-aquest-estiu-sortides-desnorquel-a-la-platja-guiades-per-experts\/","title":{"rendered":"L\u2019Ajuntament de Badalona ofereix aquest estiu sortides d&#8217;esn\u00f2rquel  a la platja guiades per experts\u00a0"},"content":{"rendered":"\n<p>L&#8217;Ajuntament de Badalona ofereix aquest estiu 10 sortides guiades d&#8217;esn\u00f2rquel per tal de donar a con\u00e8ixer la riquesa natural de les platges de Badalona. Les sortides, amb inscripci\u00f3 pr\u00e8via, s\u00f3n gratu\u00eftes i tindran lloc els caps de setmana del 2 de juliol fins al 4 de setembre, alternant dissabtes i diumenges.&nbsp;<\/p>\n\n\n\n<p>L\u2019objectiu d\u2019aquestes sortides \u00e9s donar a con\u00e8ixer la biodiversitat marina del litoral de Badalona i sensibilitzar la ciutadania de la import\u00e0ncia de con\u00e8ixer aquests indrets del litoral urb\u00e0 per tal de preservar la seva riquesa natural.&nbsp;<\/p>\n\n\n\n<p>En general, la platja de Badalona, \u00e9s percebuda com a un espai de lleure on prendre el sol i banyar-se per\u00f2, tamb\u00e9, \u00e9s un espai natural que, m\u00e9s enll\u00e0 de la sorra, amaga una biodiversitat sorprenent. \u00c9s per aix\u00f2 que l&#8217;Ajuntament de Badalona, amb la col\u00b7laboraci\u00f3 d&#8217;An\u00e8l\u00b7lides, Serveis Ambientals Marins, oferir\u00e0 sortides d&#8217;esn\u00f2rquel guiades per experts per tal d&#8217;apropar-se i con\u00e8ixer in situ els organismes marins que viuen al litoral de la ciutat.&nbsp;<\/p>\n\n\n\n<p>A cada sortida s&#8217;hi podran inscriure 20 persones com a m\u00e0xim i, l&#8217;edat m\u00ednima, \u00e9s a partir de 8 anys (nens i nenes amb bona capacitat natat\u00f2ria). Des de l&#8217;organitzaci\u00f3 s&#8217;oferir\u00e0 als participants el material necessari: ulleres, tub, peus d&#8217;\u00e0nec, neoprens, boies de seguretat i una c\u00e0mera fotogr\u00e0fica submarina per parella.&nbsp;<\/p>\n\n\n\n<p>El punt de trobada de les sortides ser\u00e0 a l&#8217;Escola del Mar a les 10 hores on, de manera pr\u00e8via, es far\u00e0 una explicaci\u00f3 de com utilitzar el material i les mesures de seguretat. Tamb\u00e9, es far\u00e0 una introducci\u00f3 a la fauna marina del Mediterrani i com observar-la. En acabar l&#8217;activitat aqu\u00e0tica, es tornar\u00e0 a l&#8217;Escola del Mar per comentar els organismes marins que s&#8217;han observat i con\u00e8ixer-los millor. En conjunt, l&#8217;activitat, tindr\u00e0 una durada aproximada de tres hores.&nbsp;<\/p>\n\n\n\n<p>Les sortides s\u00f3n gratu\u00eftes i es faran en cap de setmana alternant dissabte i diumenge i, tamb\u00e9, des de les diverses platges de la ciutat, tal com recull el calendari seg\u00fcent:&nbsp;<\/p>\n\n\n\n<p>\u2022&nbsp; Dissabte 2 de juliol a la Platja de la Marina (Port)&nbsp;<\/p>\n\n\n\n<p>\u2022&nbsp; Diumenge 10 de juliol a la Platja del&nbsp; Coco&nbsp;<\/p>\n\n\n\n<p>\u2022&nbsp; Dissabte 16 de juliol a la Platja del Pont del Petroli&nbsp;<\/p>\n\n\n\n<p>\u2022&nbsp; Diumenge 24 de juliol a la Platja del Pont d&#8217;en Botifarreta&nbsp;<\/p>\n\n\n\n<p>\u2022&nbsp; Dissabte 30 de juliol a la Platja del Cristall i Barca Maria&nbsp;<\/p>\n\n\n\n<p>\u2022&nbsp; Diumenge 7 d&#8217;agost a la Platja de la Marina (Port)&nbsp;<\/p>\n\n\n\n<p>\u2022&nbsp; Dissabte 13 d&#8217;agost a la Platja del Coco&nbsp;<\/p>\n\n\n\n<p>\u2022&nbsp; Diumenge 21 d&#8217;agost a la Platja del Pont del Petroli&nbsp;<\/p>\n\n\n\n<p>\u2022&nbsp; Dissabte 27 d&#8217;agost a la Platja del Pont d&#8217;en Botifarreta&nbsp;<\/p>\n\n\n\n<p>\u2022&nbsp; Diumenge 4 de setembre a la Platja del Cristall i Barca Maria&nbsp;<\/p>\n\n\n\n<p>Les inscripcions s&#8217;obren a partir del 20 de juny:&nbsp;<\/p>\n\n\n\n<p>Per correu electr\u00f2nic a: <a href=\"mailto:reserves@anellides.com\">reserves@anellides.com<\/a> o b\u00e9 per tel\u00e8fon, 613 035 213 (de les 16 hores a les 20 hores).&nbsp;<\/p>\n\n\n\n<p>La regidora de l\u2019\u00c0rea de Medi Ambient i Sostenibilitat, Rosa Trenado, ha destacat que \u201caquesta activitat ofereix la possibilitat de con\u00e8ixer millor l&#8217;entorn mar\u00ed de la nostra ciutat i ens ajuda a valorar-lo i cuidar-lo\u201d. \u201cAnimem a tota la ciutadania a participar en aquesta activitat, que l&#8217;Ajuntament ofereix de manera gratu\u00efta, i que permet gaudir d&#8217;una forma diferent del nostre litoral\u201d ha afegit la regidora. &nbsp;<\/p>\n","protected":false},"excerpt":{"rendered":"<p>L&#8217;Ajuntament de Badalona ofereix aquest estiu 10 sortides guiades d&#8217;esn\u00f2rquel per tal de donar a con\u00e8ixer la riquesa natural de les platges de Badalona. Les sortides, amb inscripci\u00f3 pr\u00e8via, s\u00f3n gratu\u00eftes i tindran lloc els caps de setmana del 2 de juliol fins al 4 de setembre, alternant dissabtes i diumenges.&nbsp; L\u2019objectiu d\u2019aquestes sortides \u00e9s [&hellip;]<\/p>\n","protected":false},"author":2,"featured_media":3804,"comment_status":"open","ping_status":"open","sticky":false,"template":"","format":"standard","meta":{"footnotes":""},"categories":[23],"tags":[],"class_list":{"0":"post-3801","1":"post","2":"type-post","3":"status-publish","4":"format-standard","5":"has-post-thumbnail","7":"category-actualitat"},"_links":{"self":[{"href":"https:\/\/areabadalona.com\/diario\/wp-json\/wp\/v2\/posts\/3801","targetHints":{"allow":["GET"]}}],"collection":[{"href":"https:\/\/areabadalona.com\/diario\/wp-json\/wp\/v2\/posts"}],"about":[{"href":"https:\/\/areabadalona.com\/diario\/wp-json\/wp\/v2\/types\/post"}],"author":[{"embeddable":true,"href":"https:\/\/areabadalona.com\/diario\/wp-json\/wp\/v2\/users\/2"}],"replies":[{"embeddable":true,"href":"https:\/\/areabadalona.com\/diario\/wp-json\/wp\/v2\/comments?post=3801"}],"version-history":[{"count":1,"href":"https:\/\/areabadalona.com\/diario\/wp-json\/wp\/v2\/posts\/3801\/revisions"}],"predecessor-version":[{"id":3803,"href":"https:\/\/areabadalona.com\/diario\/wp-json\/wp\/v2\/posts\/3801\/revisions\/3803"}],"wp:featuredmedia":[{"embeddable":true,"href":"https:\/\/areabadalona.com\/diario\/wp-json\/wp\/v2\/media\/3804"}],"wp:attachment":[{"href":"https:\/\/areabadalona.com\/diario\/wp-json\/wp\/v2\/media?parent=3801"}],"wp:term":[{"taxonomy":"category","embeddable":true,"href":"https:\/\/areabadalona.com\/diario\/wp-json\/wp\/v2\/categories?post=3801"},{"taxonomy":"post_tag","embeddable":true,"href":"https:\/\/areabadalona.com\/diario\/wp-json\/wp\/v2\/tags?post=3801"}],"curies":[{"name":"wp","href":"https:\/\/api.w.org\/{rel}","templated":true}]}}