{"id":3796,"date":"2022-06-20T15:27:00","date_gmt":"2022-06-20T15:27:00","guid":{"rendered":"https:\/\/areabadalona.com\/diario\/?p=3796"},"modified":"2022-06-21T08:28:43","modified_gmt":"2022-06-21T08:28:43","slug":"badalona-obre-fins-al-27-de-juny-un-proces-participatiu-per-escollir-el-nou-disseny-del-pont-del-petroli","status":"publish","type":"post","link":"https:\/\/areabadalona.com\/diario\/2022\/06\/20\/badalona-obre-fins-al-27-de-juny-un-proces-participatiu-per-escollir-el-nou-disseny-del-pont-del-petroli\/","title":{"rendered":"Badalona obre fins al 27 de juny un proc\u00e9s participatiu per  escollir el nou disseny del pont del Petroli \u00a0"},"content":{"rendered":"\n<p>Tots els badalonins i badalonines estan cridats a un proc\u00e9s participatiu per escollir el nou disseny del pont del Petroli. Avui s\u2019ha presentat la iniciativa que dona a con\u00e8ixer els dos models del nou pont del Petroli que se sotmeten a votaci\u00f3 i com es pot participar en aquesta elecci\u00f3.&nbsp;<\/p>\n\n\n\n<p>Qualsevol persona empadronada a Badalona, m\u00e9s gran de setze anys, pot votar des d\u2019avui i fins al dilluns 27 de juny telem\u00e0ticament a trav\u00e9s de la p\u00e0gina web <a href=\"https:\/\/bit.ly\/3zzDt5G\">Proc\u00e9s participatiu per escollir el nou disseny del Pont del petroli<\/a>. En aquest espai tamb\u00e9 es troba la informaci\u00f3 sobre les dues alternatives presentades. A m\u00e9s, el dissabte 25 de juny, d\u201911 a 13 hores, hi haur\u00e0 una carpa amb ordinadors que s\u2019instal\u00b7lar\u00e0 al passeig Mar\u00edtim, a tocar del mateix pont del Petroli, per facilitar la votaci\u00f3 de la ciutadania.&nbsp;<\/p>\n\n\n\n<p><strong>Dues propostes per substituir l\u2019actual pont destrossat pel pas del temporal Gl\u00f2ria&nbsp;<\/strong><\/p>\n\n\n\n<p>El gener de l\u2019any 2020, el pas del temporal Gl\u00f2ria va provocar danys importants al litoral badalon\u00ed i, concretament, el pont del Petroli va resultar greument afectat. El pont va patir danys a l\u2019estructura i la desaparici\u00f3 de la part final de la passera que unia el pont amb la plataforma final, que tamb\u00e9 va quedar molt malmesa. Despr\u00e9s de les feines d\u2019estabilitzaci\u00f3 i d\u2019assegurar l\u2019estructura, l\u2019Ajuntament de Badalona va contractar els serveis de l\u2019empresa Enginyeria Revent\u00f3s per redactar el projecte de remodelaci\u00f3 del pont del Petroli i va signar un conveni amb el Laboratori d\u2019Enginyeria Mar\u00edtima de la Universitat Polit\u00e8cnica de Catalunya (UPC) per validar t\u00e8cnicament les noves propostes. Dels diferents models analitzats, els que se sotmeten ara a votaci\u00f3 de la ciutadania s\u00f3n els que t\u00e8cnicament poden suportar millor l\u2019acci\u00f3 de l\u2019onatge en situaci\u00f3 de temporal.&nbsp;<\/p>\n\n\n\n<p><strong>Model 1&nbsp;<\/strong><\/p>\n\n\n\n<p>Aquest model proposa una construcci\u00f3 de pilons molt semblant a l\u2019existent actualment, destacant una plataforma final en anella rodona amb una superf\u00edcie de 132 m<sup>2<\/sup> amb una obertura al centre de 19 m<sup>2<\/sup>.\u00a0<\/p>\n\n\n\n<div><a href=\"https:\/\/areabadalona.com\/diario\/wp-content\/uploads\/2022\/06\/Plafomodel1-1024x724.jpg\" class=\"td-modal-image\"><figure class=\"wp-block-image size-large\"><img loading=\"lazy\" decoding=\"async\" width=\"1024\" height=\"724\" src=\"https:\/\/areabadalona.com\/diario\/wp-content\/uploads\/2022\/06\/Plafomodel1-1024x724.jpg\" alt=\"\" class=\"wp-image-3797\" srcset=\"https:\/\/areabadalona.com\/diario\/wp-content\/uploads\/2022\/06\/Plafomodel1-1024x724.jpg 1024w, https:\/\/areabadalona.com\/diario\/wp-content\/uploads\/2022\/06\/Plafomodel1-300x212.jpg 300w, https:\/\/areabadalona.com\/diario\/wp-content\/uploads\/2022\/06\/Plafomodel1-768x543.jpg 768w, https:\/\/areabadalona.com\/diario\/wp-content\/uploads\/2022\/06\/Plafomodel1-150x106.jpg 150w, https:\/\/areabadalona.com\/diario\/wp-content\/uploads\/2022\/06\/Plafomodel1-696x492.jpg 696w, https:\/\/areabadalona.com\/diario\/wp-content\/uploads\/2022\/06\/Plafomodel1-1068x755.jpg 1068w, https:\/\/areabadalona.com\/diario\/wp-content\/uploads\/2022\/06\/Plafomodel1.jpg 1200w\" sizes=\"auto, (max-width: 1024px) 100vw, 1024px\" \/><\/figure><\/a><\/div>\n\n\n\n<p><strong>Model 2&nbsp;<\/strong><\/p>\n\n\n\n<p>La principal caracter\u00edstica d\u2019aquesta proposta es troba tamb\u00e9 en la plataforma final de 130 m2 de superf\u00edcie. Aquesta se suporta amb un fonament submergit del qual emergeixen dues columnes de 2 metres de di\u00e0metre.\u00a0<\/p>\n\n\n\n<div><a href=\"https:\/\/areabadalona.com\/diario\/wp-content\/uploads\/2022\/06\/Plafomodel2-1024x724.jpg\" class=\"td-modal-image\"><figure class=\"wp-block-image size-large\"><img loading=\"lazy\" decoding=\"async\" width=\"1024\" height=\"724\" src=\"https:\/\/areabadalona.com\/diario\/wp-content\/uploads\/2022\/06\/Plafomodel2-1024x724.jpg\" alt=\"\" class=\"wp-image-3798\" srcset=\"https:\/\/areabadalona.com\/diario\/wp-content\/uploads\/2022\/06\/Plafomodel2-1024x724.jpg 1024w, https:\/\/areabadalona.com\/diario\/wp-content\/uploads\/2022\/06\/Plafomodel2-300x212.jpg 300w, https:\/\/areabadalona.com\/diario\/wp-content\/uploads\/2022\/06\/Plafomodel2-768x543.jpg 768w, https:\/\/areabadalona.com\/diario\/wp-content\/uploads\/2022\/06\/Plafomodel2-150x106.jpg 150w, https:\/\/areabadalona.com\/diario\/wp-content\/uploads\/2022\/06\/Plafomodel2-696x492.jpg 696w, https:\/\/areabadalona.com\/diario\/wp-content\/uploads\/2022\/06\/Plafomodel2-1068x755.jpg 1068w, https:\/\/areabadalona.com\/diario\/wp-content\/uploads\/2022\/06\/Plafomodel2.jpg 1200w\" sizes=\"auto, (max-width: 1024px) 100vw, 1024px\" \/><\/figure><\/a><\/div>\n\n\n\n<p>Tots dos models han estat testats en models num\u00e8rics en 3D i en simulacions a escala per poder resistir els embats de les onades. Aix\u00ed mateix, combinen diferents t\u00e8cniques, materials, elements i superf\u00edcies inclinades per minimitzar les accions horitzontals de l\u2019onatge.&nbsp;<\/p>\n\n\n\n<p>L\u2019acte de presentaci\u00f3 del proc\u00e9s participatiu ha tingut lloc al passeig Mar\u00edtim de Badalona, davant del pont del Petroli, i ha comptat amb la pres\u00e8ncia de l\u2019alcalde de Badalona, Rub\u00e9n Guijarro; la quarta tinenta d\u2019alcaldia i regidora de l\u2019\u00c0mbit de Territori, Habitatge, Esports i Salut, Teresa Gonz\u00e1lez; el sis\u00e8 tinent d\u2019alcaldia i regidor de l\u2019\u00c0mbit de Govern i Seguretat Ciutadana, Christian Carneado; la regidora de l\u2019\u00c0rea de Medi Ambient i Sostenibilitat, Rosa Trenado; la regidora de de l\u2019\u00c0rea de Joventut, Coordinaci\u00f3 Territorial i Participaci\u00f3, Andrea Zapata; i el vicedirector del Laboratori d&#8217;Enginyeria Mar\u00edtima de la Universitat Polit\u00e8cnica de Catalunya, Daniel Gonz\u00e1lez-Marco.&nbsp;<\/p>\n\n\n\n<p>L&#8217;alcalde de Badalona, Rub\u00e9n Guijarro, ha manifestat que el proc\u00e9s participatiu t\u00e9 l&#8217;objectiu que els badalonins i badalonines tri\u00efn el projecte que m\u00e9s els agradi. Aquest proc\u00e9s, segons ha avan\u00e7at Guijarro, \u201cser\u00e0 vinculant i per aix\u00f2 animo tots els badalonins i badalonines a participar-hi\u201d. Guijarro ha explicat que \u201cels treballs de reparaci\u00f3 del pont del Petroli comen\u00e7aran durant el segon trimestre de 2023\u201d. L&#8217;alcalde ha recordat que el pont del Petroli \u00e9s un s\u00edmbol per a Badalona i, segons moltes de les enquestes de ciutat que s&#8217;han fet, un dels espais m\u00e9s estimats pels ciutadans.&nbsp;<\/p>\n\n\n\n<p><strong>Comprom\u00eds de recuperar un s\u00edmbol i emblema de la ciutat de Badalona&nbsp;<\/strong><\/p>\n\n\n\n<p>L\u2019Ajuntament de Badalona fa amb la posada en marxa d\u2019aquest proc\u00e9s participatiu un pas m\u00e9s en \u201cel ferm comprom\u00eds de reparar el s\u00edmbol i emblema de la ciutat de Badalona perqu\u00e8 la ciutadania pugui continuar gaudint-lo\u201d tal com assenyala la Declaraci\u00f3 institucional acordada pel Ple de l\u2019Ajuntament el 28 de gener de 2020, la qual reclamava la reparaci\u00f3 del pont. En la mateixa Declaraci\u00f3 tamb\u00e9 es demana que la recuperaci\u00f3 d\u2019aquesta infraestructura es faci tot tenint en compte els possibles efectes del canvi clim\u00e0tic i que cal recuperar-lo per \u201cla rellev\u00e0ncia del pont del Petroli com eix vertebrador de la ciutat pel seu valor social, cient\u00edfic, educatiu i ambiental\u201d.&nbsp;<\/p>\n","protected":false},"excerpt":{"rendered":"<p>Tots els badalonins i badalonines estan cridats a un proc\u00e9s participatiu per escollir el nou disseny del pont del Petroli. Avui s\u2019ha presentat la iniciativa que dona a con\u00e8ixer els dos models del nou pont del Petroli que se sotmeten a votaci\u00f3 i com es pot participar en aquesta elecci\u00f3.&nbsp; Qualsevol persona empadronada a Badalona, [&hellip;]<\/p>\n","protected":false},"author":2,"featured_media":3799,"comment_status":"open","ping_status":"open","sticky":false,"template":"","format":"standard","meta":{"footnotes":""},"categories":[23],"tags":[],"class_list":{"0":"post-3796","1":"post","2":"type-post","3":"status-publish","4":"format-standard","5":"has-post-thumbnail","7":"category-actualitat"},"_links":{"self":[{"href":"https:\/\/areabadalona.com\/diario\/wp-json\/wp\/v2\/posts\/3796","targetHints":{"allow":["GET"]}}],"collection":[{"href":"https:\/\/areabadalona.com\/diario\/wp-json\/wp\/v2\/posts"}],"about":[{"href":"https:\/\/areabadalona.com\/diario\/wp-json\/wp\/v2\/types\/post"}],"author":[{"embeddable":true,"href":"https:\/\/areabadalona.com\/diario\/wp-json\/wp\/v2\/users\/2"}],"replies":[{"embeddable":true,"href":"https:\/\/areabadalona.com\/diario\/wp-json\/wp\/v2\/comments?post=3796"}],"version-history":[{"count":1,"href":"https:\/\/areabadalona.com\/diario\/wp-json\/wp\/v2\/posts\/3796\/revisions"}],"predecessor-version":[{"id":3800,"href":"https:\/\/areabadalona.com\/diario\/wp-json\/wp\/v2\/posts\/3796\/revisions\/3800"}],"wp:featuredmedia":[{"embeddable":true,"href":"https:\/\/areabadalona.com\/diario\/wp-json\/wp\/v2\/media\/3799"}],"wp:attachment":[{"href":"https:\/\/areabadalona.com\/diario\/wp-json\/wp\/v2\/media?parent=3796"}],"wp:term":[{"taxonomy":"category","embeddable":true,"href":"https:\/\/areabadalona.com\/diario\/wp-json\/wp\/v2\/categories?post=3796"},{"taxonomy":"post_tag","embeddable":true,"href":"https:\/\/areabadalona.com\/diario\/wp-json\/wp\/v2\/tags?post=3796"}],"curies":[{"name":"wp","href":"https:\/\/api.w.org\/{rel}","templated":true}]}}