{"id":3790,"date":"2022-06-16T16:38:00","date_gmt":"2022-06-16T16:38:00","guid":{"rendered":"https:\/\/areabadalona.com\/diario\/?p=3790"},"modified":"2022-06-17T11:39:33","modified_gmt":"2022-06-17T11:39:33","slug":"presentada-la-samarreta-i-la-bossa-del-corredor-de-la-42a-cursa-popular-ciutat-de-badalona","status":"publish","type":"post","link":"https:\/\/areabadalona.com\/diario\/2022\/06\/16\/presentada-la-samarreta-i-la-bossa-del-corredor-de-la-42a-cursa-popular-ciutat-de-badalona\/","title":{"rendered":"Presentada la samarreta i la bossa del corredor de la 42a Cursa Popular Ciutat de Badalona\u00a0"},"content":{"rendered":"\n<p>Aquest migdia la 4a tinenta d\u2019Alcaldia i regidora de l\u2019\u00c0mbit de Territori, Habitatge, Esports i Salut, Teresa Gonz\u00e1lez, i el director de l\u2019oficina La Casa Agency de Badalona, Daniel Loureiro, com a patrocinador, han presentat la samarreta i la bossa del corredor de la 42a Cursa Popular Ciutat de Badalona, coneguda tamb\u00e9 com a Cursa del Dimoni, que tindr\u00e0 lloc aquest dissabte, 18 de juny, i en horari de tarda.&nbsp;<\/p>\n\n\n\n<p>Recordem que la 42a Cursa Popular Ciutat de Badalona &#8211; La Cursa del Dimoni! ha previst un seguit de circuits inclusius per afavorir la participaci\u00f3 de tothom: &nbsp;<\/p>\n\n\n\n<p>&#8211; La cursa mini, d\u20191,7 km, per a nens i nenes fins a 10 anys, amb sortida a les 19 hores. &nbsp;<\/p>\n\n\n\n<p>&#8211; La cursa inclusiva, de 30-50-100 metres, pensada per a persones amb diversitat funcional o amb capacitats redu\u00efdes, tant f\u00edsiques com ps\u00edquiques, amb sortida a les 19 hores.&nbsp;<\/p>\n\n\n\n<p>&#8211; La cursa gran, de 10 km, per a majors de 15 anys, amb sortida a les 20 hores.&nbsp;<\/p>\n\n\n\n<p>&#8211; La cursa mitjana, de 5 km, destinada al jovent d\u201911 a 14 anys i adults, amb sortida a les 20 hores. &nbsp;<\/p>\n\n\n\n<p>El preu de les inscripcions per als circuits mini, mitj\u00e0 i inclusiu \u00e9s de 2 euros. Per al circuit gran, la inscripci\u00f3 t\u00e9 un cost de 5 euros. Les inscripcions es poden fer a trav\u00e9s de la <a href=\"http:\/\/www.badalona.cat\/\">web municipal<\/a> o a <a href=\"https:\/\/bit.ly\/3b61yXA\">xipgroc<\/a>. &nbsp;<\/p>\n\n\n\n<p>Ampliaci\u00f3 de les inscripcions presencials&nbsp;<\/p>\n\n\n\n<p>De manera excepcional aquells corredors i corredores d\u2019\u00faltima hora podran formalitzar la seva inscripci\u00f3 presencialment a l\u2019Escola del Mar en l\u2019horari de recollida dels dorsals, del xip i de la bossa de corredors.&nbsp;<\/p>\n\n\n\n<p>La recollida dels dorsals i xip es pot fer el divendres 17, de 17 a 20 hores i dissabte 18 de juny, de 10 a 18 hores, a l\u2019Escola del Mar \u2013 Centre d\u2019Estudis Marins de Badalona (passeig de la Rambla, 37).&nbsp;<\/p>\n\n\n\n<p>Punts d\u2019hidrataci\u00f3&nbsp;<\/p>\n\n\n\n<p>At\u00e8s que Badalona es troba immersa en una onada de calor que ha fet augmentar durant aquests dies les temperatures de manera excepcional, la 42a Cursa Popular Ciutat de Badalona &#8211; La Cursa del Dimoni! recomana que els participants agafin aigua a la sortida, tamb\u00e9 hi haur\u00e0 un punt d\u2019avituallament per tal de facilitar la hidrataci\u00f3, i aix\u00ed mateix tamb\u00e9 s\u2019instal\u00b7lar\u00e0 un altre punt on els corredors i les corredores es podran refrescar mullant-se amb aigua.&nbsp;<\/p>\n","protected":false},"excerpt":{"rendered":"<p>Aquest migdia la 4a tinenta d\u2019Alcaldia i regidora de l\u2019\u00c0mbit de Territori, Habitatge, Esports i Salut, Teresa Gonz\u00e1lez, i el director de l\u2019oficina La Casa Agency de Badalona, Daniel Loureiro, com a patrocinador, han presentat la samarreta i la bossa del corredor de la 42a Cursa Popular Ciutat de Badalona, coneguda tamb\u00e9 com a Cursa [&hellip;]<\/p>\n","protected":false},"author":2,"featured_media":3791,"comment_status":"open","ping_status":"open","sticky":false,"template":"","format":"standard","meta":{"footnotes":""},"categories":[26],"tags":[],"class_list":{"0":"post-3790","1":"post","2":"type-post","3":"status-publish","4":"format-standard","5":"has-post-thumbnail","7":"category-esports"},"_links":{"self":[{"href":"https:\/\/areabadalona.com\/diario\/wp-json\/wp\/v2\/posts\/3790","targetHints":{"allow":["GET"]}}],"collection":[{"href":"https:\/\/areabadalona.com\/diario\/wp-json\/wp\/v2\/posts"}],"about":[{"href":"https:\/\/areabadalona.com\/diario\/wp-json\/wp\/v2\/types\/post"}],"author":[{"embeddable":true,"href":"https:\/\/areabadalona.com\/diario\/wp-json\/wp\/v2\/users\/2"}],"replies":[{"embeddable":true,"href":"https:\/\/areabadalona.com\/diario\/wp-json\/wp\/v2\/comments?post=3790"}],"version-history":[{"count":1,"href":"https:\/\/areabadalona.com\/diario\/wp-json\/wp\/v2\/posts\/3790\/revisions"}],"predecessor-version":[{"id":3792,"href":"https:\/\/areabadalona.com\/diario\/wp-json\/wp\/v2\/posts\/3790\/revisions\/3792"}],"wp:featuredmedia":[{"embeddable":true,"href":"https:\/\/areabadalona.com\/diario\/wp-json\/wp\/v2\/media\/3791"}],"wp:attachment":[{"href":"https:\/\/areabadalona.com\/diario\/wp-json\/wp\/v2\/media?parent=3790"}],"wp:term":[{"taxonomy":"category","embeddable":true,"href":"https:\/\/areabadalona.com\/diario\/wp-json\/wp\/v2\/categories?post=3790"},{"taxonomy":"post_tag","embeddable":true,"href":"https:\/\/areabadalona.com\/diario\/wp-json\/wp\/v2\/tags?post=3790"}],"curies":[{"name":"wp","href":"https:\/\/api.w.org\/{rel}","templated":true}]}}