{"id":3787,"date":"2022-06-17T11:35:44","date_gmt":"2022-06-17T11:35:44","guid":{"rendered":"https:\/\/areabadalona.com\/diario\/?p=3787"},"modified":"2022-06-17T11:35:45","modified_gmt":"2022-06-17T11:35:45","slug":"el-festival-nits-al-port-de-badalona-torna-amb-una-amplia-oferta-despectacles-per-als-caps-de-setmana-de-juliol","status":"publish","type":"post","link":"https:\/\/areabadalona.com\/diario\/2022\/06\/17\/el-festival-nits-al-port-de-badalona-torna-amb-una-amplia-oferta-despectacles-per-als-caps-de-setmana-de-juliol\/","title":{"rendered":"El festival Nits al Port de Badalona torna amb una \u00e0mplia oferta  d\u2019espectacles per als caps de setmana de juliol\u00a0"},"content":{"rendered":"\n<p>El festival Nits al Port de Badalona ha presentat aquest mat\u00ed el programa d\u2019espectacles i les principals novetats de la seva 10a edici\u00f3 en una roda de premsa celebrada a les instal\u00b7lacions de Marina Badalona. Com a novetat, per celebrar aquests deu anys Nits al Port de Badalona compta amb una proposta de 36 espectacles durant tots els divendres, dissabtes i diumenges de juliol. &nbsp;<\/p>\n\n\n\n<p>A la roda de premsa han participat l\u2019alcalde de Badalona, Rub\u00e9n Guijarro; el sis\u00e8 tinent d\u2019Alcaldia i regidor de l&#8217;\u00c0mbit de Govern i Seguretat Ciutadana, Christian Carneado; la regidora de Cultura i Mobilitat, Anna Maria Lara; Imanol Sanz, gerent de Marina Badalona; i Teresa Mart\u00edn, portaveu del festival Nits al Port. &nbsp;<\/p>\n\n\n\n<p>En la seva intervenci\u00f3 telem\u00e0tica, l\u2019alcalde Rub\u00e9n Guijarro ha destacat que el festival \u201c\u00e9s molt important per a Badalona, ja que amb la seva ambiciosa proposta cultural contribueix a projectar la imatge de la ciutat en l\u2019exterior i, a la vegada, apropa les instal\u00b7lacions del port a tots els ve\u00efns i ve\u00efnes del municipi\u201d. \u201cLa desena edici\u00f3 del festival Nits al Port, juntament amb les activitats d\u2019estiu que tenim preparades a la ciutat i que presentarem en els pr\u00f2xims dies, ens permetran gaudir d\u2019un estiu divers, divertit i molt atractiu sense haver de sortir de la ciutat\u201d, ha afegit Guijarro.&nbsp;<\/p>\n\n\n\n<p>Per la seva part, Imanol Sanz, gerent de Marina Badalona, ha fet un rep\u00e0s a la hist\u00f2ria i traject\u00f2ria dels 10 anys de festival i Teresa Mart\u00edn, portaveu de l\u2019esdeveniment, ha remarcat \u201cl\u2019esfor\u00e7 de l\u2019organitzaci\u00f3 per fer un salt qualitatiu en l\u2019oferta l\u00fadica i ampliar el nombre d\u2019espectacles\u201d.&nbsp;<\/p>\n\n\n\n<p><strong>Los Vivancos, plat fort d\u2019aquesta edici\u00f3&nbsp;<\/strong><\/p>\n\n\n\n<p>El festival s\u2019inaugura el divendres 1 de juliol amb el concert de La Chica de Ayer, una banda tribut al pop rock dels any 80 i 90, i finalitzar\u00e0 el diumenge 31 de juliol. Un dels plats forts d\u2019aquesta edici\u00f3 \u00e9s l\u2019actuaci\u00f3 de Los Vivancos, el fam\u00f3s grup de flamenc de prestigi internacional. A m\u00e9s, i com ja \u00e9s tradici\u00f3, els assistents podran gaudir de la tradicional gala de dansa, sota la direcci\u00f3 art\u00edstica de Marisa Yudes, amb joves figures catalanes, com Pau Pujol o Salvador Mart\u00ednez, entre d\u2019altres, que triomfen a les companyies m\u00e9s importants del m\u00f3n com la Philadelphia Ballet, l\u2019\u00d2pera de Poznan o el Korpo Dance Project.&nbsp;<\/p>\n\n\n\n<p>Aquesta 10a edici\u00f3 destaca per comptar amb una oferta l\u00fadica i musical molt diversificada amb espectacles de salsa, rumba o havaneres, aix\u00ed com un recorregut per la m\u00fasica m\u00e9s rellevant dels anys 80 i 90 amb les actuacions de grups de tribut de renom que cantaran les can\u00e7ons m\u00e9s m\u00edtiques d\u2019U2, Tina Turner, Eric Clapton o Dire Straits. A m\u00e9s de l\u2019\u00e0mplia oferta musical, una de les novetats d\u2019aquesta 10a edici\u00f3 \u00e9s l\u2019aposta pels espectacles d\u2019humor, amb els mon\u00f2legs de Carlos Pozo, Sergio Mar\u00edn, Javier Ben\u00edtez i Carlitos humorista. Tamb\u00e9 hi haur\u00e0 espectacles pensats per als m\u00e9s joves, amb DJs cada nit, i actuacions infantils pels m\u00e9s petits amb els Grimpallunes o els Trencamandres.&nbsp;<\/p>\n\n\n\n<p><strong>Gastronomia i markets per completar l\u2019oferta l\u00fadica&nbsp;<\/strong><\/p>\n\n\n\n<p>Des de les 19 hores fins a la 1 de la matinada, el festival comptar\u00e0 un any m\u00e9s amb una gran oferta de restauraci\u00f3 de proximitat a les instal\u00b7lacions de Marina Badalona. Les <em>foodtrucks<\/em> amb una \u00e0mplia oferta gastron\u00f2mica, la zona <em>chill out<\/em> i els Markets volen complementar l\u2019oferta l\u00fadica pensada per a tots els p\u00fablics. &nbsp;<\/p>\n\n\n\n<p>Per consultar la programaci\u00f3 completa i comprar entrades per als espectacles, cal entrar a <a href=\"https:\/\/nitsalportdebadalona.com\/\">https:\/\/nitsalportdebadalona.com\/<\/a> &nbsp;<\/p>\n","protected":false},"excerpt":{"rendered":"<p>El festival Nits al Port de Badalona ha presentat aquest mat\u00ed el programa d\u2019espectacles i les principals novetats de la seva 10a edici\u00f3 en una roda de premsa celebrada a les instal\u00b7lacions de Marina Badalona. Com a novetat, per celebrar aquests deu anys Nits al Port de Badalona compta amb una proposta de 36 espectacles [&hellip;]<\/p>\n","protected":false},"author":2,"featured_media":3788,"comment_status":"open","ping_status":"open","sticky":false,"template":"","format":"standard","meta":{"footnotes":""},"categories":[25],"tags":[],"class_list":{"0":"post-3787","1":"post","2":"type-post","3":"status-publish","4":"format-standard","5":"has-post-thumbnail","7":"category-cultura"},"_links":{"self":[{"href":"https:\/\/areabadalona.com\/diario\/wp-json\/wp\/v2\/posts\/3787","targetHints":{"allow":["GET"]}}],"collection":[{"href":"https:\/\/areabadalona.com\/diario\/wp-json\/wp\/v2\/posts"}],"about":[{"href":"https:\/\/areabadalona.com\/diario\/wp-json\/wp\/v2\/types\/post"}],"author":[{"embeddable":true,"href":"https:\/\/areabadalona.com\/diario\/wp-json\/wp\/v2\/users\/2"}],"replies":[{"embeddable":true,"href":"https:\/\/areabadalona.com\/diario\/wp-json\/wp\/v2\/comments?post=3787"}],"version-history":[{"count":1,"href":"https:\/\/areabadalona.com\/diario\/wp-json\/wp\/v2\/posts\/3787\/revisions"}],"predecessor-version":[{"id":3789,"href":"https:\/\/areabadalona.com\/diario\/wp-json\/wp\/v2\/posts\/3787\/revisions\/3789"}],"wp:featuredmedia":[{"embeddable":true,"href":"https:\/\/areabadalona.com\/diario\/wp-json\/wp\/v2\/media\/3788"}],"wp:attachment":[{"href":"https:\/\/areabadalona.com\/diario\/wp-json\/wp\/v2\/media?parent=3787"}],"wp:term":[{"taxonomy":"category","embeddable":true,"href":"https:\/\/areabadalona.com\/diario\/wp-json\/wp\/v2\/categories?post=3787"},{"taxonomy":"post_tag","embeddable":true,"href":"https:\/\/areabadalona.com\/diario\/wp-json\/wp\/v2\/tags?post=3787"}],"curies":[{"name":"wp","href":"https:\/\/api.w.org\/{rel}","templated":true}]}}