{"id":3781,"date":"2022-06-16T09:54:36","date_gmt":"2022-06-16T09:54:36","guid":{"rendered":"https:\/\/areabadalona.com\/diario\/?p=3781"},"modified":"2022-06-16T09:54:37","modified_gmt":"2022-06-16T09:54:37","slug":"leix-besos-circular-organitza-al-badalona-centre-internacional-de-negocis-bcin-una-jornada-sobre-les-instal%c2%b7lacions-fotovoltaiques-a-les-empreses","status":"publish","type":"post","link":"https:\/\/areabadalona.com\/diario\/2022\/06\/16\/leix-besos-circular-organitza-al-badalona-centre-internacional-de-negocis-bcin-una-jornada-sobre-les-instal%c2%b7lacions-fotovoltaiques-a-les-empreses\/","title":{"rendered":"L\u2019Eix Bes\u00f2s Circular organitza al Badalona Centre Internacional de  Negocis (BCIN) una jornada sobre les instal\u00b7lacions fotovoltaiques a les  empreses\u00a0"},"content":{"rendered":"\n<p>El projecte Eix Bes\u00f2s Circular organitza la Jornada T\u00e8cnica Autoconsum Fotovoltaic a l\u2019Empresa que tindr\u00e0 lloc el pr\u00f2xim dijous 30 de juny, de 9:30 a 11:30 hores, al Badalona Centre Internacional de Negocis (BCIN), carrer de Marcus Pocius, 1, al pol\u00edgon de les Guixeres. La jornada va dirigida a les empreses de Badalona i del Barcelon\u00e8s Nord..&nbsp;<\/p>\n\n\n\n<p>L\u2019objectiu de la sessi\u00f3 \u00e9s que les empreses coneguin els avantatges de l\u2019autoconsum fotovoltaic i les caracter\u00edstiques t\u00e8cniques d\u2019una instal\u00b7laci\u00f3 fotovoltaica. Es parlar\u00e0 tamb\u00e9 de comunitats energ\u00e8tiques a trav\u00e9s de l\u2019exposici\u00f3 de projectes d\u2019autoconsum compartit en l\u2019\u00e0mbit industrial i s\u2019explicaran quines s\u00f3n les l\u00ednies d\u2019ajut disponibles actualment per a les empreses que volen realitzar una instal\u00b7laci\u00f3 de plaques.&nbsp;<\/p>\n\n\n\n<p>La jornada comptar\u00e0 amb la participaci\u00f3 de Marc Marqu\u00e8s i Olexandra Zaporozhets, t\u00e8cnics del departament d\u2019efici\u00e8ncia i innovaci\u00f3 d&#8217;Audax Renovables; de Daniel P\u00e9rez co-delegat de l\u2019associaci\u00f3 Uni\u00f3n Espa\u00f1ola Fotovoltaica a Catalunya i l\u2019Oriol Xalabarder, conseller delegat d\u2019Electra Caldense.&nbsp;<\/p>\n\n\n\n<p>L\u2019Eix Bes\u00f2s Circular \u00e9s un projecte d\u2019economia circular i simbiosi industrial del Barcelon\u00e8s Nord que t\u00e9 per finalitat oferir un servei de suport a la ind\u00fastria local per ajudar-la a avan\u00e7ar cap a l\u2019economia circular. Es pret\u00e9n que les empreses facin un \u00fas m\u00e9s eficient dels recursos, fomentin la cooperaci\u00f3 entre elles i explorin noves oportunitats de negoci que es tradueixin en beneficis econ\u00f2mics, socials i ambientals.&nbsp;<\/p>\n\n\n\n<p>Aquesta iniciativa est\u00e0 impulsada per Reactivaci\u00f3 Badalona, SA com a societat municipal de l\u2019Ajuntament de Badalona, l\u2019Ajuntament de Sant Adri\u00e0 de Bes\u00f2s, i Grameimpuls, SA com a societat municipal de l\u2019Ajuntament de Santa Coloma de Gramenet, i compta amb el suport de la Diputaci\u00f3 de Barcelona, el Servei d\u2019Ocupaci\u00f3 de Catalunya (SOC) i la col\u00b7laboraci\u00f3 de FEB-PIMEC i HUB Recircula UPC-AMB.&nbsp;<\/p>\n\n\n\n<p>Per assistir a la jornada podeu fer la vostra inscripci\u00f3 en el seg\u00fcent enlla\u00e7:&nbsp;<\/p>\n\n\n\n<p><a href=\"https:\/\/docs.google.com\/forms\/d\/e\/1FAIpQLSfSqgWvrp8vtsyoU5sWE3cbs_sAnekisX2-5Mh_c-w5l1vj5Q\/viewform\">Formulari d&#8217;inscripci\u00f3 a la jornada t\u00e8cnica d&#8217;autoconsum fotovoltaic a l&#8217;empresa (google.com)<\/a>&nbsp;<\/p>\n","protected":false},"excerpt":{"rendered":"<p>El projecte Eix Bes\u00f2s Circular organitza la Jornada T\u00e8cnica Autoconsum Fotovoltaic a l\u2019Empresa que tindr\u00e0 lloc el pr\u00f2xim dijous 30 de juny, de 9:30 a 11:30 hores, al Badalona Centre Internacional de Negocis (BCIN), carrer de Marcus Pocius, 1, al pol\u00edgon de les Guixeres. La jornada va dirigida a les empreses de Badalona i del [&hellip;]<\/p>\n","protected":false},"author":2,"featured_media":3782,"comment_status":"open","ping_status":"open","sticky":false,"template":"","format":"standard","meta":{"footnotes":""},"categories":[23],"tags":[],"class_list":{"0":"post-3781","1":"post","2":"type-post","3":"status-publish","4":"format-standard","5":"has-post-thumbnail","7":"category-actualitat"},"_links":{"self":[{"href":"https:\/\/areabadalona.com\/diario\/wp-json\/wp\/v2\/posts\/3781","targetHints":{"allow":["GET"]}}],"collection":[{"href":"https:\/\/areabadalona.com\/diario\/wp-json\/wp\/v2\/posts"}],"about":[{"href":"https:\/\/areabadalona.com\/diario\/wp-json\/wp\/v2\/types\/post"}],"author":[{"embeddable":true,"href":"https:\/\/areabadalona.com\/diario\/wp-json\/wp\/v2\/users\/2"}],"replies":[{"embeddable":true,"href":"https:\/\/areabadalona.com\/diario\/wp-json\/wp\/v2\/comments?post=3781"}],"version-history":[{"count":1,"href":"https:\/\/areabadalona.com\/diario\/wp-json\/wp\/v2\/posts\/3781\/revisions"}],"predecessor-version":[{"id":3783,"href":"https:\/\/areabadalona.com\/diario\/wp-json\/wp\/v2\/posts\/3781\/revisions\/3783"}],"wp:featuredmedia":[{"embeddable":true,"href":"https:\/\/areabadalona.com\/diario\/wp-json\/wp\/v2\/media\/3782"}],"wp:attachment":[{"href":"https:\/\/areabadalona.com\/diario\/wp-json\/wp\/v2\/media?parent=3781"}],"wp:term":[{"taxonomy":"category","embeddable":true,"href":"https:\/\/areabadalona.com\/diario\/wp-json\/wp\/v2\/categories?post=3781"},{"taxonomy":"post_tag","embeddable":true,"href":"https:\/\/areabadalona.com\/diario\/wp-json\/wp\/v2\/tags?post=3781"}],"curies":[{"name":"wp","href":"https:\/\/api.w.org\/{rel}","templated":true}]}}