{"id":3775,"date":"2022-06-15T18:15:00","date_gmt":"2022-06-15T18:15:00","guid":{"rendered":"https:\/\/areabadalona.com\/diario\/?p=3775"},"modified":"2022-06-16T09:18:18","modified_gmt":"2022-06-16T09:18:18","slug":"la-jornada-badalona-es-copa-convida-a-la-reflexio-sobre-les-oportunitats-i-reptes-que-suposa-per-a-la-ciutat-acollir-esdeveniments-multitudinaris","status":"publish","type":"post","link":"https:\/\/areabadalona.com\/diario\/2022\/06\/15\/la-jornada-badalona-es-copa-convida-a-la-reflexio-sobre-les-oportunitats-i-reptes-que-suposa-per-a-la-ciutat-acollir-esdeveniments-multitudinaris\/","title":{"rendered":"La jornada \u201cBadalona \u00e9s Copa!\u201d convida a la reflexi\u00f3 sobre les  oportunitats i reptes que suposa per a la ciutat acollir esdeveniments  multitudinaris\u00a0"},"content":{"rendered":"\n<p>L\u2019Hotel Marina Badalona ha acollit aquest dimecres la sessi\u00f3 \u201cBadalona \u00e9s Copa\u201d, una jornada per debatre i reflexionar sobre les oportunitats que es generen i els reptes que ha d\u2019afrontar Badalona, despr\u00e9s d\u2019haver estat designada per acollir un esdeveniment multitudinari com \u00e9s la celebraci\u00f3 de la Copa del Rei de B\u00e0squet que es dur\u00e0 a terme entre el 16 i el 19 de febrer de 2023. L\u2019acte, que ha estat organitzat per l\u2019associaci\u00f3 Restarting Badalona, ha comptat amb la participaci\u00f3 de l\u2019alcalde de Badalona, Rub\u00e9n Guijarro; la presidenta de BCN Global, Aurora Cat\u00e0; el director de Fira de Barcelona, Constant\u00ed Serrallonga; i el director de la Fundaci\u00f3 Mobile World Capital, Carles Grau. &nbsp;<\/p>\n\n\n\n<p>Durant la sessi\u00f3, s\u2019han tractat diferents aspectes de gran import\u00e0ncia per desenvolupar un gran esdeveniment, com la col\u00b7laboraci\u00f3 publico-privada, la dotaci\u00f3 de recursos i infraestructures, el lideratge o la professionalitat de tots els actors implicats. Aix\u00ed mateix, s\u2019ha destacat la necessitat de tenir el m\u00e0xim suport dels diferents agents de la ciutat com a factor indispensable per a dur a terme amb \u00e8xit aquesta mena d\u2019iniciatives. &nbsp;<\/p>\n\n\n\n<p>Durant la sessi\u00f3 tamb\u00e9 s\u2019han analitzat alguns dels esdeveniments m\u00e9s rellevants que actualment acull o que pr\u00f2ximament es faran a la ciutat de Barcelona, com s\u00f3n la celebraci\u00f3 de la Copa Am\u00e8rica de Vela, el Mobile World Congress o la resta de grans fires que tenen lloc anualment als recintes de Fira Barcelona.&nbsp; &nbsp;<\/p>\n\n\n\n<p>L\u2019alcalde de Badalona, Rub\u00e9n Guijarro, ha manifestat durant la seva intervenci\u00f3 en el debat que \u00abla Copa reuneix moltes de les coses que la nostra ciutat representa, com per exemple l\u2019esport i els seus valors, el treball en equip o la competitivitat, i per aix\u00f2 no hi ha un esdeveniment m\u00e9s apropiat per iniciar una nova etapa a Badalona\u201d. L\u2019alcalde ha assegurat que \u201cdes del Govern municipal treballem amb l&#8217;objectiu d&#8217;impulsar la ciutat per atraure esdeveniments esportius, empresarials o qualsevol projecte que impulsi una Badalona en positiu. Hem de creure m\u00e9s en nosaltres i en les nostres possibilitats, i tenir orgull de ciutat\u201d. \u201cEns hem de repetir m\u00e9s vegades que Badalona \u00e9s imparable\u00bb, ha concl\u00f2s Guijarro.&nbsp;<\/p>\n\n\n\n<p>Per la seva part, el president de Restarting Badalona, Ferran Falc\u00f3, ha explicat en la seva intervenci\u00f3 de benvinguda que \u201cBadalona ha d\u2019apostar per atraure esdeveniments i ha d\u2019aprendre a aprofitar-los\u201d. Per a Falc\u00f3, \u201caconseguir-ho requereix una organitzaci\u00f3 professional amb recursos i voluntat d\u2019interlocuci\u00f3 amb altres administracions i tamb\u00e9 amb entitats privades\u201d. \u201cRestarting Badalona \u00e9s una entitat que pret\u00e9n incentivar un posicionament ambici\u00f3s de Badalona al concert metropolit\u00e0 i en relaci\u00f3 amb Barcelona t\u00e9 les palanques per fer-ho\u201d, ha afegit. &nbsp;<\/p>\n\n\n\n<p>La presidenta de Barcelona Global, Aurora Cat\u00e0, entitat que ha liderat la candidatura de Barcelona per acollir la Copa Am\u00e8rica de Vela l\u2019any 2024, ha detallat que \u201cla Copa Am\u00e8rica tindr\u00e0 un impacte important a tota la costa de Barcelona, per aix\u00f2 tamb\u00e9 \u00e9s una oportunitat per a Badalona\u201d. Cat\u00e0 ha considerat que \u201cel tipus d\u2019esdeveniment condiciona com s\u2019ha d\u2019organitzar i s\u2019ha de treballar per involucrar la ciutat, per\u00f2 cal tamb\u00e9 capitalitzar el llegat que deixar\u00e0s\u201d. Pel que fa a la necessitat de crear un relat que permeti refor\u00e7ar la ciutat, Aurora Cat\u00e0 ha insistit en la import\u00e0ncia dels ambaixadors i ha apuntat que \u201cque la gent de Badalona que viu i treballa fora t\u00e9 una import\u00e0ncia cabdal per donar a con\u00e8ixer el potencial i les coses bones que passen a la ciutat\u201d. &nbsp;<\/p>\n\n\n\n<p>El director de Fira Barcelona, Constant\u00ed Serrallonga, ha repassat l\u2019impacte que ha suposat per a la ciutat de l\u2019Hospitalet de Llobregat l\u2019ampliaci\u00f3 de la Fira i ha destacat que \u201cha possibilitat el creixement de la creaci\u00f3 de negocis i comer\u00e7, per\u00f2 tamb\u00e9 ha perm\u00e8s desenvolupar una ind\u00fastria vinculada al sector firal i ha generat un impacte motor per a la ciutat de Barcelona\u201d. Serrallonga ha comentat que la celebraci\u00f3 de la Copa del Rei de b\u00e0squet a Badalona \u201c\u00e9s una gran oportunitat per a la ciutat\u201d i que li servir\u00e0 per a \u201cconstruir la seva imatge de marca, basant-se en atributs que la diferencien d\u2019altres, com per exemple el b\u00e0squet\u201d. Serrallonga ha destacat que \u201c\u00e9s important que l\u2019organitzaci\u00f3 sigui excel\u00b7lent i que la ciutat vibri amb l\u2019esdeveniment i se\u2019l faci seu\u201d. El director general de Fira ha remarcat que \u201cl\u2019organitzaci\u00f3 d\u2019un esdeveniment ha de plantejar com ser\u00e0 l\u2019experi\u00e8ncia del visitant per tal de crear una oferta atractiva\u201d i ha subratllat que \u201cqualsevol aficionat que vingui a la Copa podr\u00e0 ser un ambaixador de Badalona\u201d. &nbsp;<\/p>\n\n\n\n<p>Finalment, el director de la Fundaci\u00f3 Mobile World Capital, Carles Grau, ha afirmat que \u201cels grans esdeveniments s\u00f3n una oportunitat d\u2019acceleraci\u00f3 econ\u00f2mica i social del territori, per\u00f2 la clau est\u00e0 a assentar les bases perqu\u00e8 deixin un llegat amb impacte\u201d. Grau ha afegit que \u201cquan tens talent les possibilitats que passin coses arriben abans o&nbsp; m\u00e9s tard i s\u2019han d\u2019aprofitar\u201d i ha assenyalat la import\u00e0ncia de \u201ccrear les condicions i el context adequat perqu\u00e8 aquestes coses passin\u201d. En refer\u00e8ncia a les oportunitats per a Badalona, Carles Grau ha comentat que \u201cla ciutat t\u00e9 actius de sobres per captar oportunitats, per aix\u00f2 cal treballar en xarxa perqu\u00e8 iniciatives de fora s\u2019estableixin a la ciutat\u201d. &nbsp;<\/p>\n","protected":false},"excerpt":{"rendered":"<p>L\u2019Hotel Marina Badalona ha acollit aquest dimecres la sessi\u00f3 \u201cBadalona \u00e9s Copa\u201d, una jornada per debatre i reflexionar sobre les oportunitats que es generen i els reptes que ha d\u2019afrontar Badalona, despr\u00e9s d\u2019haver estat designada per acollir un esdeveniment multitudinari com \u00e9s la celebraci\u00f3 de la Copa del Rei de B\u00e0squet que es dur\u00e0 a [&hellip;]<\/p>\n","protected":false},"author":2,"featured_media":3776,"comment_status":"open","ping_status":"open","sticky":false,"template":"","format":"standard","meta":{"footnotes":""},"categories":[23],"tags":[],"class_list":{"0":"post-3775","1":"post","2":"type-post","3":"status-publish","4":"format-standard","5":"has-post-thumbnail","7":"category-actualitat"},"_links":{"self":[{"href":"https:\/\/areabadalona.com\/diario\/wp-json\/wp\/v2\/posts\/3775","targetHints":{"allow":["GET"]}}],"collection":[{"href":"https:\/\/areabadalona.com\/diario\/wp-json\/wp\/v2\/posts"}],"about":[{"href":"https:\/\/areabadalona.com\/diario\/wp-json\/wp\/v2\/types\/post"}],"author":[{"embeddable":true,"href":"https:\/\/areabadalona.com\/diario\/wp-json\/wp\/v2\/users\/2"}],"replies":[{"embeddable":true,"href":"https:\/\/areabadalona.com\/diario\/wp-json\/wp\/v2\/comments?post=3775"}],"version-history":[{"count":1,"href":"https:\/\/areabadalona.com\/diario\/wp-json\/wp\/v2\/posts\/3775\/revisions"}],"predecessor-version":[{"id":3777,"href":"https:\/\/areabadalona.com\/diario\/wp-json\/wp\/v2\/posts\/3775\/revisions\/3777"}],"wp:featuredmedia":[{"embeddable":true,"href":"https:\/\/areabadalona.com\/diario\/wp-json\/wp\/v2\/media\/3776"}],"wp:attachment":[{"href":"https:\/\/areabadalona.com\/diario\/wp-json\/wp\/v2\/media?parent=3775"}],"wp:term":[{"taxonomy":"category","embeddable":true,"href":"https:\/\/areabadalona.com\/diario\/wp-json\/wp\/v2\/categories?post=3775"},{"taxonomy":"post_tag","embeddable":true,"href":"https:\/\/areabadalona.com\/diario\/wp-json\/wp\/v2\/tags?post=3775"}],"curies":[{"name":"wp","href":"https:\/\/api.w.org\/{rel}","templated":true}]}}