{"id":3766,"date":"2022-06-14T15:31:00","date_gmt":"2022-06-14T15:31:00","guid":{"rendered":"https:\/\/areabadalona.com\/diario\/?p=3766"},"modified":"2022-06-15T09:47:10","modified_gmt":"2022-06-15T09:47:10","slug":"badalona-impulsa-la-campanya-vivim-lorgull-per-celebrar-el-dia-de-lorgull-lgtbiq","status":"publish","type":"post","link":"https:\/\/areabadalona.com\/diario\/2022\/06\/14\/badalona-impulsa-la-campanya-vivim-lorgull-per-celebrar-el-dia-de-lorgull-lgtbiq\/","title":{"rendered":"Badalona impulsa la campanya \u201cVivim l\u2019orgull\u201d per celebrar el Dia de l\u2019Orgull LGTBIQ+\u00a0"},"content":{"rendered":"\n<p>Aquest dimarts s\u2019ha presentat la campanya \u201cVivim l\u2019orgull\u201d, impulsada per la regidoria de Feminismes i LGTBIQ+ de l\u2019Ajuntament de Badalona per celebrar el Dia de l\u2019Orgull LGTBIQ+, que es commemora internacionalment el 28 de juny. La campanya inclou una s\u00e8rie d\u2019actes i activitats adre\u00e7ades a tota la ciutadania que tenen l\u2019objectiu de conscienciar sobre els drets de les persones LGTBIQ+, l&#8217;orgull i&nbsp; l&#8217;alliberament sexual i reivindicar que Badalona \u00e9s una ciutat diversa i inclusiva.&nbsp;<\/p>\n\n\n\n<p>Entre les activitats programades destaca l\u2019espectacle de mon\u00f2legs amb tem\u00e0tica feminista i LGTBIQ+ \u201cPincho de Tortilla\u201d que es far\u00e0 el dia 27 de juny a les 19 hores al teatre Margarida Xirgu. Les humoristes Mai Boncompte i Cristina Guyu seran les protagonistes de la jornada amb una funci\u00f3 on tracten temes d\u2019actualitat i d&#8217;inter\u00e8s general en clau humor. Les persones interessades en assistir a l\u2019espectacle han de reservar pr\u00e8viament enviant un correu electr\u00f2nic a <a href=\"mailto:feminismes@badalona.cat\">feminisme@badalona.cat<\/a>. &nbsp;<\/p>\n\n\n\n<p>El 28 de juny a les 17 hores la pla\u00e7a de la Vila acollir\u00e0 l\u2019acte institucional del Dia de l\u2019Orgull LGTBIQ+, on l\u2019entitat Tornem-hi llegir\u00e0 el manifest unitari. Posteriorment, es far\u00e0 una activitat de pinta cares per a infants i les seves fam\u00edlies. El mateix dimarts 28 a la tarda es far\u00e0 al Badiu Jove un joc participatiu on es convidar\u00e0 a les persones participant participants a reflexionar sobre els drets de les persones LGTBIQ+.&nbsp;<\/p>\n\n\n\n<p>Les entitats de Badalona tamb\u00e9 han fet una proposta d\u2019activitats per commemorar el del Dia de l\u2019Orgull. &nbsp;La plataforma 25N, UGT, CCOO, la Federaci\u00f3 d&#8217;Associacions de Ve\u00efns i Ve\u00efnes de Badalona (FAVB) i la Federaci\u00f3 de Dones de Badalona han organitzat la xerrada \u2018Realitats\u2019, que es far\u00e0 dem\u00e0 dimecres dia 15 de juny a les 18 hores al Centre C\u00edvic de la Salut. A m\u00e9s, l\u2019entitat Tornem-hi ha programat una manifestaci\u00f3 per l\u2019alliberament sexual i de g\u00e8nere que tindr\u00e0 lloc el dia 1 de juliol a les 18.30 hores. La marxa comen\u00e7ar\u00e0 a la pla\u00e7a de la Vila i continuar\u00e0 fins a la pla\u00e7a de la Plana, on culminar\u00e0 amb la lectura d\u2019un manifest. Posteriorment en aquest mateix indret es far\u00e0 la Festa de la Diversitat, amb les actuacions de la cantant Laura L\u00e1zaro, l\u2019espectacle de Drag Royale i la sessi\u00f3 del Dj Oliver Over. &nbsp;<\/p>\n\n\n\n<p>Els actes de la campanya \u201cVivim l\u2019Orgull\u201d van comen\u00e7ar el passat diumenge dia 12 de juny la primera edici\u00f3 de la Fira d\u2019Entitats LGTBIQ+, que es va celebrar a la pla\u00e7a de la Plana gr\u00e0cies a l\u2019impuls de l\u2019entitat LGTBIQ+ Tornem-hi i la col\u00b7laboraci\u00f3 de l\u2019Ajuntament de Badalona.&nbsp;<\/p>\n\n\n\n<p>La segona tinenta d\u2019Alcaldia i regidora de l\u2019\u00c0mbit d\u2019Educaci\u00f3, Feminismes i LGTBIQ+, Ciutadania, Participaci\u00f3 i Agenda 2030, A\u00efda Llaurad\u00f3, ha destacat que \u201caquesta data \u00e9s important per promoure el respecte a la diversitat, la toler\u00e0ncia i l&#8217;equitat de drets, per aix\u00f2 cal celebrar i reivindicar l&#8217;orgull per garantir els drets de les persones a viure amb llibertat, i sense por, la seva orientaci\u00f3 sexual i identitat de g\u00e8nere\u201d. En aquest sentit, la regidora ha explicat que \u201cdurant darrer trimestre de l\u2019any, la regidoria de feminismes i LGTBIQ+ organitzar\u00e0 p\u00edndoles formatives sobre diversitats LGTBIQ+ adre\u00e7ades a entitats de la ciutat i a la ciutadania en general\u201d. &nbsp;<\/p>\n","protected":false},"excerpt":{"rendered":"<p>Aquest dimarts s\u2019ha presentat la campanya \u201cVivim l\u2019orgull\u201d, impulsada per la regidoria de Feminismes i LGTBIQ+ de l\u2019Ajuntament de Badalona per celebrar el Dia de l\u2019Orgull LGTBIQ+, que es commemora internacionalment el 28 de juny. La campanya inclou una s\u00e8rie d\u2019actes i activitats adre\u00e7ades a tota la ciutadania que tenen l\u2019objectiu de conscienciar sobre els [&hellip;]<\/p>\n","protected":false},"author":2,"featured_media":3767,"comment_status":"open","ping_status":"open","sticky":false,"template":"","format":"standard","meta":{"footnotes":""},"categories":[23],"tags":[],"class_list":{"0":"post-3766","1":"post","2":"type-post","3":"status-publish","4":"format-standard","5":"has-post-thumbnail","7":"category-actualitat"},"_links":{"self":[{"href":"https:\/\/areabadalona.com\/diario\/wp-json\/wp\/v2\/posts\/3766","targetHints":{"allow":["GET"]}}],"collection":[{"href":"https:\/\/areabadalona.com\/diario\/wp-json\/wp\/v2\/posts"}],"about":[{"href":"https:\/\/areabadalona.com\/diario\/wp-json\/wp\/v2\/types\/post"}],"author":[{"embeddable":true,"href":"https:\/\/areabadalona.com\/diario\/wp-json\/wp\/v2\/users\/2"}],"replies":[{"embeddable":true,"href":"https:\/\/areabadalona.com\/diario\/wp-json\/wp\/v2\/comments?post=3766"}],"version-history":[{"count":1,"href":"https:\/\/areabadalona.com\/diario\/wp-json\/wp\/v2\/posts\/3766\/revisions"}],"predecessor-version":[{"id":3768,"href":"https:\/\/areabadalona.com\/diario\/wp-json\/wp\/v2\/posts\/3766\/revisions\/3768"}],"wp:featuredmedia":[{"embeddable":true,"href":"https:\/\/areabadalona.com\/diario\/wp-json\/wp\/v2\/media\/3767"}],"wp:attachment":[{"href":"https:\/\/areabadalona.com\/diario\/wp-json\/wp\/v2\/media?parent=3766"}],"wp:term":[{"taxonomy":"category","embeddable":true,"href":"https:\/\/areabadalona.com\/diario\/wp-json\/wp\/v2\/categories?post=3766"},{"taxonomy":"post_tag","embeddable":true,"href":"https:\/\/areabadalona.com\/diario\/wp-json\/wp\/v2\/tags?post=3766"}],"curies":[{"name":"wp","href":"https:\/\/api.w.org\/{rel}","templated":true}]}}