{"id":3763,"date":"2022-06-14T11:03:39","date_gmt":"2022-06-14T11:03:39","guid":{"rendered":"https:\/\/areabadalona.com\/diario\/?p=3763"},"modified":"2022-06-14T11:03:40","modified_gmt":"2022-06-14T11:03:40","slug":"la-generalitat-activa-un-avis-preventiu-per-particules-a-la-conurbacio-de-barcelona-per-una-nova-onada-de-pols-africana","status":"publish","type":"post","link":"https:\/\/areabadalona.com\/diario\/2022\/06\/14\/la-generalitat-activa-un-avis-preventiu-per-particules-a-la-conurbacio-de-barcelona-per-una-nova-onada-de-pols-africana\/","title":{"rendered":"La Generalitat activa un av\u00eds preventiu per part\u00edcules a la  conurbaci\u00f3 de Barcelona per una nova onada de pols africana\u00a0"},"content":{"rendered":"\n<p>El Departament d\u2019Acci\u00f3 Clim\u00e0tica, Alimentaci\u00f3 i Agenda Rural de la Generalitat de Catalunya ha activat un av\u00eds preventiu per contaminaci\u00f3 atmosf\u00e8rica per nivells moderats de part\u00edcules de di\u00e0metre inferior a 10 micres (PM10) en l\u2019ambient atmosf\u00e8ric als 40 municipis que conformen la Zona de Protecci\u00f3 Especial (ZPE) de l\u2019ambient atmosf\u00e8ric de la conurbaci\u00f3 de Barcelona, entre els quals es troba la ciutat de Badalona. &nbsp;<\/p>\n\n\n\n<p>L\u2019av\u00eds preventiu \u00e9s la fase pr\u00e8via a la possibilitat d\u2019episodi ambiental, sense que s\u2019hagi de produir necess\u00e0riament, i s\u2019activa per reduir les emissions de contaminants. Aquest av\u00eds comporta indicar en els panels lluminosos dels principals eixos viaris que el nivell de contaminaci\u00f3 \u00e9s elevat; informar la ciutadania perqu\u00e8 prioritzi l\u2019\u00fas del transport p\u00fablic envers el vehicle privat; notificar a les activitats industrials i obres p\u00fabliques i de generaci\u00f3 el\u00e8ctrica que activin els protocols de treball previstos en aquests casos; recomanar als municipis que aturin o redueixin les activitats o obres amb materials pulverulents.&nbsp;<\/p>\n\n\n\n<p><strong>Onzena intrusi\u00f3 de l\u2019any&nbsp;<\/strong><\/p>\n\n\n\n<p>La mitjana di\u00e0ria dels nivells de PM10 durant el dia d\u2019ahir van ser superiors al valor de 50 \u03bcg\/m\u00b3 a tres punts de mesurament, dos dels quals a la Zona de Protecci\u00f3 Especial, degut a una intrusi\u00f3 de pols d\u2019origen afric\u00e0 que acompanya l\u2019onada de calor. La previsi\u00f3 a 24 hores indica que els nivells es mantindran elevats i es podria superar el valor diari de 50 \u03bcg\/m\u00b3 durant el dia d\u2019avui, donat que es preveu que la situaci\u00f3 no canvi\u00ef i que les condicions meteorol\u00f2giques siguin poc favorables per la dispersi\u00f3 dels contaminants atmosf\u00e8rics. Durant l\u2019any 2022 s\u2019han produ\u00eft fins a 11 situacions d\u2019intrusi\u00f3 de pols de l\u2019\u00c0frica, cinc de les quals han provocat l\u2019activaci\u00f3 d\u2019avisos preventius.&nbsp;<\/p>\n\n\n\n<p>La Direcci\u00f3 General de Qualitat Ambiental i Canvi Clim\u00e0tic, del Departament d\u2019Acci\u00f3 Clim\u00e0tica, Alimentaci\u00f3 i Agenda Rural, far\u00e0 un seguiment exhaustiu dels nivells i valorar\u00e0 di\u00e0riament si cal mantenir l\u2019av\u00eds preventiu, activar un episodi de contaminaci\u00f3 per part\u00edcules, o b\u00e9 desactivar l\u2019av\u00eds preventiu.&nbsp;<\/p>\n\n\n\n<p><strong>Algunes recomanacions&nbsp;<\/strong><\/p>\n\n\n\n<ul class=\"wp-block-list\"><li>Realitzar els trajectes a peu o amb bicicleta escollint carrers poc freq\u00fcentats pel tr\u00e0nsit.&nbsp;<\/li><li>Prioritzar el transport p\u00fablic.&nbsp;<\/li><li>Reduir els despla\u00e7aments amb vehicle privat (si \u00e9s possible, treballar a dist\u00e0ncia, variar l\u2019horari de feina a canvi de viatjar amb transport p\u00fablic, treballar en un altre lloc de l&#8217;empresa, m\u00e9s a prop de casa\u2026).&nbsp;<\/li><li>Utilitzar el cotxe compartit.&nbsp;<\/li><li>Realitzar una conducci\u00f3 eficient (arrencada suau, reduir la velocitat, utilitzar el fre motor, evitar accelerades i frenades brusques, etc.).&nbsp;<\/li><li>En el cas de disposar de diferents vehicles, utilitzar el que tingui les emissions m\u00e9s baixes.&nbsp;<\/li><li>Regular la climatitzaci\u00f3 de les llars i establiments.&nbsp;<\/li><\/ul>\n\n\n\n<p>Es poden consultar els nivells de la qualitat de l\u2019aire a temps real a trav\u00e9s de l\u2019aplicaci\u00f3 gratu\u00efta per a tel\u00e8fons m\u00f2bils AireCat, a <a href=\"https:\/\/itunes.apple.com\/es\/app\/airecat\/id877506570?mt=8\">l\u2019App Store<\/a> i a <a href=\"https:\/\/play.google.com\/store\/apps\/details?id=cat.gencat.mobi.airecat&amp;hl=ca\">Google Play Store<\/a>, o a <a href=\"http:\/\/atpscan.global.hornetsecurity.com\/index.php?atp_str=mXXQcm2_udDVxrpirAZDbb5WdyvohUgE61svzcPVbPQ6MS5OnxDYVChVltpk4sLYHh3nplVwGvN33CGrN1QRf1NdWuYZZ1vhWa9-IDEkh-b670iNtjq55AhpfXLmUJr9rYiQK10-OzNmVjWS9TkYG_ysCjUTTd9TqZlvcRFGcy048cUEwg5l6dONw_FxNBkFOBVnmoPQb-E6K1kvVYrOdjrnFT3-0tf1TsRzap9awNgRMuhx6sUgPA6c1AblvVavWQkCkjklI5Ar90NB7EBsgJHXbiv5HW3doSPPHggml0smaN3Z2jHB7fmoouq-9DZPGNUNq1u-YWGgqSIxzXoKDWub-AklkuOyeS3H7xc-W-oTKfPrHksO9D4IpSySoPHHXQYJzK7QTV7FV_H9K4Gxo-U0eiM6OiNI-ymldTQjmEq82sojOjojokcJuBXZgXphYHxC6fmiiw\">l\u2019entorn web d\u2019informaci\u00f3 de les dades de qualitat de l\u2019aire<\/a>. &nbsp;<\/p>\n\n\n\n<p>Al Canal Salut de l\u2019Ag\u00e8ncia de Salut P\u00fablica de Catalunya s\u2019hi detallen les principals mesures i recomanacions que cal adoptar per reduir l\u2019exposici\u00f3 a la contaminaci\u00f3 i els riscos per a la salut derivats de la contaminaci\u00f3 de l\u2019aire. S\u2019hi poden trobar, a banda de recomanacions de caire general, les mesures de precauci\u00f3 addicionals a adoptar davant de situacions amb nivells elevats de contaminaci\u00f3 dirigides als col\u00b7lectius m\u00e9s vulnerables i tamb\u00e9 a la poblaci\u00f3 en general.&nbsp;<\/p>\n","protected":false},"excerpt":{"rendered":"<p>El Departament d\u2019Acci\u00f3 Clim\u00e0tica, Alimentaci\u00f3 i Agenda Rural de la Generalitat de Catalunya ha activat un av\u00eds preventiu per contaminaci\u00f3 atmosf\u00e8rica per nivells moderats de part\u00edcules de di\u00e0metre inferior a 10 micres (PM10) en l\u2019ambient atmosf\u00e8ric als 40 municipis que conformen la Zona de Protecci\u00f3 Especial (ZPE) de l\u2019ambient atmosf\u00e8ric de la conurbaci\u00f3 de Barcelona, [&hellip;]<\/p>\n","protected":false},"author":2,"featured_media":3764,"comment_status":"open","ping_status":"open","sticky":false,"template":"","format":"standard","meta":{"footnotes":""},"categories":[23],"tags":[],"class_list":{"0":"post-3763","1":"post","2":"type-post","3":"status-publish","4":"format-standard","5":"has-post-thumbnail","7":"category-actualitat"},"_links":{"self":[{"href":"https:\/\/areabadalona.com\/diario\/wp-json\/wp\/v2\/posts\/3763","targetHints":{"allow":["GET"]}}],"collection":[{"href":"https:\/\/areabadalona.com\/diario\/wp-json\/wp\/v2\/posts"}],"about":[{"href":"https:\/\/areabadalona.com\/diario\/wp-json\/wp\/v2\/types\/post"}],"author":[{"embeddable":true,"href":"https:\/\/areabadalona.com\/diario\/wp-json\/wp\/v2\/users\/2"}],"replies":[{"embeddable":true,"href":"https:\/\/areabadalona.com\/diario\/wp-json\/wp\/v2\/comments?post=3763"}],"version-history":[{"count":1,"href":"https:\/\/areabadalona.com\/diario\/wp-json\/wp\/v2\/posts\/3763\/revisions"}],"predecessor-version":[{"id":3765,"href":"https:\/\/areabadalona.com\/diario\/wp-json\/wp\/v2\/posts\/3763\/revisions\/3765"}],"wp:featuredmedia":[{"embeddable":true,"href":"https:\/\/areabadalona.com\/diario\/wp-json\/wp\/v2\/media\/3764"}],"wp:attachment":[{"href":"https:\/\/areabadalona.com\/diario\/wp-json\/wp\/v2\/media?parent=3763"}],"wp:term":[{"taxonomy":"category","embeddable":true,"href":"https:\/\/areabadalona.com\/diario\/wp-json\/wp\/v2\/categories?post=3763"},{"taxonomy":"post_tag","embeddable":true,"href":"https:\/\/areabadalona.com\/diario\/wp-json\/wp\/v2\/tags?post=3763"}],"curies":[{"name":"wp","href":"https:\/\/api.w.org\/{rel}","templated":true}]}}