{"id":3760,"date":"2022-06-14T09:17:58","date_gmt":"2022-06-14T09:17:58","guid":{"rendered":"https:\/\/areabadalona.com\/diario\/?p=3760"},"modified":"2022-06-14T09:17:59","modified_gmt":"2022-06-14T09:17:59","slug":"el-teatre-margarida-xirgu-acull-aquest-dijous-la-presentacio-del-1r-informe-del-barometre-dels-drets-dels-infants-i-adolescents-a-badalona","status":"publish","type":"post","link":"https:\/\/areabadalona.com\/diario\/2022\/06\/14\/el-teatre-margarida-xirgu-acull-aquest-dijous-la-presentacio-del-1r-informe-del-barometre-dels-drets-dels-infants-i-adolescents-a-badalona\/","title":{"rendered":"El Teatre Margarida Xirgu acull aquest dijous la  presentaci\u00f3 del 1r Informe del Bar\u00f2metre dels drets dels infants i adolescents a  Badalona"},"content":{"rendered":"\n<p>La Taula d\u2019Inf\u00e0ncia i Adolesc\u00e8ncia de Badalona (TIAB), presenta aquest <strong>dijous, 16 de juny, a partir de les 17.30 hores, al Teatre Margarida Xirgu<\/strong>, el 1r Informe del Bar\u00f2metre dels drets dels infants i adolescents a Badalona\u201d, elaborat per un equip de projecte, dins el marc del \u201cPrograma d\u2019acci\u00f3 2021-2022\u201d, aprovat pel plenari de la Taula.&nbsp;<\/p>\n\n\n\n<p>L\u2019objectiu general d\u2019aquest projecte ha estat explorar i visibilitzar quin \u00e9s el grau de garantia dels drets dels infants i adolescents a la ciutat en els quals focalitza el Bar\u00f2metre en aquesta edici\u00f3, incidint en la millora d\u2019aquesta cobertura mitjan\u00e7ant la proposta de mesures d\u2019acci\u00f3 concretes. Els quatre drets de la Convenci\u00f3 Internacional dels drets dels infants que s\u2019han prioritzat son: el dret a un nivell de vida adequat, el dret a la salut mental, el dret al lleure, al joc, a la cultura i al descans i, finalment, el dret a la participaci\u00f3 dels infants i adolescents.&nbsp;<\/p>\n\n\n\n<p>El treball realitzat ha consistit en la cerca d\u2019informaci\u00f3 clau (fonts prim\u00e0ries i secund\u00e0ries) per identificar l\u2019estat de situaci\u00f3 a la ciutat, en relaci\u00f3 a cadascun d\u2019aquests drets i les alertes indicadores d\u2019algun tipus de vulneraci\u00f3, aix\u00ed com les causes que provoquen i mantenen aquesta situaci\u00f3, per finalitzar formulant quaranta-sis propostes adre\u00e7ades als estaments pol\u00edtics i institucionals, a la xarxa de professionals i a la ciutadania en general, per millorar el grau de cobertura d\u2019aquests drets. La informaci\u00f3 amb la qual s\u2019ha treballat prov\u00e9 de diferents estad\u00edstiques i sistemes d\u2019indicadors, estudis, mem\u00f2ries de serveis, etc. &nbsp;<\/p>\n\n\n\n<p>Tamb\u00e9 s\u2019ha fet una consulta oberta als professionals de la xarxa d\u2019atenci\u00f3 als infants i adolescents, i a nois i noies de 10 a 18 anys. El treball d\u2019an\u00e0lisi i debat d\u2019aquesta informaci\u00f3 es va fer obrint la participaci\u00f3, m\u00e9s enll\u00e0 de l\u2019equip de projecte, a altres setanta professionals que van participar al f\u00f2rum \u201cDrets per fer possible la inf\u00e0ncia\u201d, celebrat al novembre passat, en el marc de la II Setmana dels drets dels infants i adolescents a Badalona.&nbsp;<\/p>\n\n\n\n<p>A partir de l\u2019informe que es presentar\u00e0 s\u2019espera que se\u2019n derivin iniciatives concretes d\u2019actuaci\u00f3 que es formalitzin i que comptin amb el m\u00e0xim consens pol\u00edtic. Des de la TIAB est\u00e0 previst generar un sistema de seguiment del grau de compliment dels compromisos adoptats. &nbsp;<\/p>\n\n\n\n<p>Per altra banda, el Bar\u00f2metre dels drets dels infants neix amb vocaci\u00f3 de continu\u00eftat amb la idea de que en cada edici\u00f3 aquest es focalitzi en aquells drets de la Convenci\u00f3 Internacional dels drets dels infants que es consideri m\u00e9s estrat\u00e8gic. &nbsp;<\/p>\n\n\n\n<p>L\u2019acte comptar\u00e0 amb la segona tinenta d\u2019alcaldia i regidora de l&#8217;\u00c0mbit d&#8217;Educaci\u00f3, Feminismes i LGTBIQ+, Ciutadania, Participaci\u00f3 i Agenda 2030 i vicepresidenta de la TIAB, A\u00efda Llaurad\u00f3: del coordinador de l\u2019Observatori dels drets dels Infants a Catalunya, Joan Llosada, que impartir\u00e0 la confer\u00e8ncia \u201cUna mirada global i local sobre els drets dels infants\u201d i diferents membres de l\u2019equip del projecte que faran la presentaci\u00f3 de l\u2019informe del Bar\u00f2metre.&nbsp; &nbsp;<\/p>\n\n\n\n<p>Tamb\u00e9 est\u00e0 prevista la participaci\u00f3 de la regidora de Cultura, Anna Maria Lara; i del regidor de Serveis Socials, David Torrents; i de la regidora de Joventut, Andrea Zapata.&nbsp;<\/p>\n\n\n\n<p>Al final de l\u2019acte es podr\u00e0 gaudir d\u2019una actuaci\u00f3 musical a c\u00e0rrec d\u2019infants participants als projecte musical Badacordes i Betucordes, impulsat des del Patronat de la M\u00fasica de Badalona i l\u2019Escola Josep Boada.&nbsp;<\/p>\n\n\n\n<p>La TIAB \u00e9s una estructura de treball transversal i en xarxa orientada a potenciar l\u2019acci\u00f3 cooperativa entre el conjunt d\u2019actors que treballen a la ciutat, des de diferents \u00e0mbits (social, educatiu, socioeducatiu, cultural, de salut, esports, urbanisme, etc.), amb infants i adolescents de 0 a 18 anys. &nbsp;<\/p>\n","protected":false},"excerpt":{"rendered":"<p>La Taula d\u2019Inf\u00e0ncia i Adolesc\u00e8ncia de Badalona (TIAB), presenta aquest dijous, 16 de juny, a partir de les 17.30 hores, al Teatre Margarida Xirgu, el 1r Informe del Bar\u00f2metre dels drets dels infants i adolescents a Badalona\u201d, elaborat per un equip de projecte, dins el marc del \u201cPrograma d\u2019acci\u00f3 2021-2022\u201d, aprovat pel plenari de la [&hellip;]<\/p>\n","protected":false},"author":2,"featured_media":3761,"comment_status":"open","ping_status":"open","sticky":false,"template":"","format":"standard","meta":{"footnotes":""},"categories":[23],"tags":[],"class_list":{"0":"post-3760","1":"post","2":"type-post","3":"status-publish","4":"format-standard","5":"has-post-thumbnail","7":"category-actualitat"},"_links":{"self":[{"href":"https:\/\/areabadalona.com\/diario\/wp-json\/wp\/v2\/posts\/3760","targetHints":{"allow":["GET"]}}],"collection":[{"href":"https:\/\/areabadalona.com\/diario\/wp-json\/wp\/v2\/posts"}],"about":[{"href":"https:\/\/areabadalona.com\/diario\/wp-json\/wp\/v2\/types\/post"}],"author":[{"embeddable":true,"href":"https:\/\/areabadalona.com\/diario\/wp-json\/wp\/v2\/users\/2"}],"replies":[{"embeddable":true,"href":"https:\/\/areabadalona.com\/diario\/wp-json\/wp\/v2\/comments?post=3760"}],"version-history":[{"count":1,"href":"https:\/\/areabadalona.com\/diario\/wp-json\/wp\/v2\/posts\/3760\/revisions"}],"predecessor-version":[{"id":3762,"href":"https:\/\/areabadalona.com\/diario\/wp-json\/wp\/v2\/posts\/3760\/revisions\/3762"}],"wp:featuredmedia":[{"embeddable":true,"href":"https:\/\/areabadalona.com\/diario\/wp-json\/wp\/v2\/media\/3761"}],"wp:attachment":[{"href":"https:\/\/areabadalona.com\/diario\/wp-json\/wp\/v2\/media?parent=3760"}],"wp:term":[{"taxonomy":"category","embeddable":true,"href":"https:\/\/areabadalona.com\/diario\/wp-json\/wp\/v2\/categories?post=3760"},{"taxonomy":"post_tag","embeddable":true,"href":"https:\/\/areabadalona.com\/diario\/wp-json\/wp\/v2\/tags?post=3760"}],"curies":[{"name":"wp","href":"https:\/\/api.w.org\/{rel}","templated":true}]}}