{"id":3750,"date":"2022-06-10T10:39:00","date_gmt":"2022-06-10T10:39:00","guid":{"rendered":"https:\/\/areabadalona.com\/diario\/?p=3750"},"modified":"2022-06-13T10:39:37","modified_gmt":"2022-06-13T10:39:37","slug":"dilluns-sobre-a-badalona-el-termini-per-a-les-reclamacions-a-les-preinscripcions-dinfantil-primaria-i-eso-del-curs-2022-2023","status":"publish","type":"post","link":"https:\/\/areabadalona.com\/diario\/2022\/06\/10\/dilluns-sobre-a-badalona-el-termini-per-a-les-reclamacions-a-les-preinscripcions-dinfantil-primaria-i-eso-del-curs-2022-2023\/","title":{"rendered":"Dilluns s\u2019obre a Badalona el termini per a les reclamacions a les  preinscripcions d\u2019infantil, prim\u00e0ria i ESO del curs 2022\/2023\u00a0"},"content":{"rendered":"\n<p>A partir del dilluns 13 de juny s\u2019obre el termini per a la presentaci\u00f3 de reclamacions o de peticions de canvi d\u2019assignaci\u00f3 per a totes les fam\u00edlies que s\u2019han quedat sense pla\u00e7a p\u00fablica a l\u2019hora de fer la preinscripci\u00f3 d\u2019infantil, prim\u00e0ria o ESO o se\u2019ls ha assignat una d&#8217;ofici amb la qual no estan d&#8217;acord. Des d\u2019aquest divendres ja es poden consultar les llistes d\u2019admissi\u00f3 dels alumnes i les llistes d\u2019espera <a href=\"https:\/\/preinscripcio.gencat.cat\/ca\/inici\/\">https:\/\/preinscripcio.gencat.cat\/ca\/inici\/<\/a>&nbsp;<\/p>\n\n\n\n<p>La presentaci\u00f3 de reclamacions i les peticions de canvi d\u2019assignaci\u00f3 es poden realitzar a trav\u00e9s de la seu electr\u00f2nica de l\u2019Ajuntament de Badalona <a href=\"https:\/\/seu.badalona.cat\/\">https:\/\/seu.badalona.cat\/<\/a>. Tamb\u00e9 es poden fer de manera presencial als centres educatius, a l\u2019Oficina Municipal d\u2019Escolaritzaci\u00f3 (OME) i al registre municipal a l\u2019edifici El Viver. &nbsp;<\/p>\n\n\n\n<p>El termini per a la presentaci\u00f3 de reclamacions \u00e9s entre el 13 i el 17 de juny i el de les peticions de canvi d\u2019assignaci\u00f3 del 13 al 30 de juny.&nbsp;<\/p>\n\n\n\n<p>Fins a mitjans de juliol no es disposar\u00e0 de les llistes definitives d\u2019admesos una vegada analitzats tots els casos.&nbsp;<\/p>\n\n\n\n<p><strong>Cap infant sense pla\u00e7a p\u00fablica&nbsp;<\/strong><\/p>\n\n\n\n<p>Ahir dijous 9 de juny va tenir lloc una reuni\u00f3 del Govern municipal de Badalona, representants de la plataforma \u201cSense places Badalona\u201d i representants de FAMPAS amb els Serveis Territorials d\u2019Educaci\u00f3 de la Generalitat de Catalunya amb l\u2019objectiu \u201cd\u2019aconseguir totes les places p\u00fabliques necess\u00e0ries a la zona de les fam\u00edlies que ho havien sol\u00b7licitat, sense que ning\u00fa es quedi sense pla\u00e7a p\u00fablica a Badalona\u201d.&nbsp;<\/p>\n\n\n\n<p>L\u2019alcalde de Badalona, Rub\u00e9n Guijarro, el primer tinent d\u2019alcaldia, Alex Montorn\u00e8s i la regidora d\u2019Educaci\u00f3; A\u00efda Llaurad\u00f3, van encap\u00e7alar la demanda de garantir a les fam\u00edlies places d&#8217;educaci\u00f3 p\u00fabliques i de qualitat a cada zona. Despr\u00e9s de la reuni\u00f3, la regidora d\u2019Educaci\u00f3 ha afirmat que: \u201cla sensaci\u00f3 \u00e9s agredol\u00e7a, per una part hi ha bona voluntat dels Serveis Territorials per resoldre tots els casos, per\u00f2 tot aquest malestar es podia haver evitat si hi hagu\u00e9s hagut una planificaci\u00f3 millor\u201d. Llaurad\u00f3 ha afegit que: \u201cel Govern municipal est\u00e0 al costat de les fam\u00edlies i farem acompanyament durant tot aquest proc\u00e9s que malauradament, que encara no ha acabat\u201d. &nbsp;<\/p>\n","protected":false},"excerpt":{"rendered":"<p>A partir del dilluns 13 de juny s\u2019obre el termini per a la presentaci\u00f3 de reclamacions o de peticions de canvi d\u2019assignaci\u00f3 per a totes les fam\u00edlies que s\u2019han quedat sense pla\u00e7a p\u00fablica a l\u2019hora de fer la preinscripci\u00f3 d\u2019infantil, prim\u00e0ria o ESO o se\u2019ls ha assignat una d&#8217;ofici amb la qual no estan d&#8217;acord. [&hellip;]<\/p>\n","protected":false},"author":2,"featured_media":3751,"comment_status":"open","ping_status":"open","sticky":false,"template":"","format":"standard","meta":{"footnotes":""},"categories":[23],"tags":[],"class_list":{"0":"post-3750","1":"post","2":"type-post","3":"status-publish","4":"format-standard","5":"has-post-thumbnail","7":"category-actualitat"},"_links":{"self":[{"href":"https:\/\/areabadalona.com\/diario\/wp-json\/wp\/v2\/posts\/3750","targetHints":{"allow":["GET"]}}],"collection":[{"href":"https:\/\/areabadalona.com\/diario\/wp-json\/wp\/v2\/posts"}],"about":[{"href":"https:\/\/areabadalona.com\/diario\/wp-json\/wp\/v2\/types\/post"}],"author":[{"embeddable":true,"href":"https:\/\/areabadalona.com\/diario\/wp-json\/wp\/v2\/users\/2"}],"replies":[{"embeddable":true,"href":"https:\/\/areabadalona.com\/diario\/wp-json\/wp\/v2\/comments?post=3750"}],"version-history":[{"count":1,"href":"https:\/\/areabadalona.com\/diario\/wp-json\/wp\/v2\/posts\/3750\/revisions"}],"predecessor-version":[{"id":3752,"href":"https:\/\/areabadalona.com\/diario\/wp-json\/wp\/v2\/posts\/3750\/revisions\/3752"}],"wp:featuredmedia":[{"embeddable":true,"href":"https:\/\/areabadalona.com\/diario\/wp-json\/wp\/v2\/media\/3751"}],"wp:attachment":[{"href":"https:\/\/areabadalona.com\/diario\/wp-json\/wp\/v2\/media?parent=3750"}],"wp:term":[{"taxonomy":"category","embeddable":true,"href":"https:\/\/areabadalona.com\/diario\/wp-json\/wp\/v2\/categories?post=3750"},{"taxonomy":"post_tag","embeddable":true,"href":"https:\/\/areabadalona.com\/diario\/wp-json\/wp\/v2\/tags?post=3750"}],"curies":[{"name":"wp","href":"https:\/\/api.w.org\/{rel}","templated":true}]}}