{"id":3746,"date":"2022-06-10T08:17:27","date_gmt":"2022-06-10T08:17:27","guid":{"rendered":"https:\/\/areabadalona.com\/diario\/?p=3746"},"modified":"2022-06-10T08:17:29","modified_gmt":"2022-06-10T08:17:29","slug":"lajuntament-de-badalona-guanya-el-xiii-premi-europeu-de-prevencio-de-residus-reciclant-oli-de-cuina","status":"publish","type":"post","link":"https:\/\/areabadalona.com\/diario\/2022\/06\/10\/lajuntament-de-badalona-guanya-el-xiii-premi-europeu-de-prevencio-de-residus-reciclant-oli-de-cuina\/","title":{"rendered":"L&#8217;Ajuntament de Badalona guanya el XIII Premi Europeu de Prevenci\u00f3 de Residus reciclant oli de cuina"},"content":{"rendered":"\n<p>La campanya \u201cD\u2019oli a la pica, ni mica\u201d, que ha impulsat l\u2019Ajuntament de Badalona amb el suport de l\u2019agrupaci\u00f3 de restaurants La Forquilla de la ciutat, ha rebut la distinci\u00f3 de millor acci\u00f3 de prevenci\u00f3 en la categoria d\u2019Administracions P\u00fabliques del Premi Europeu de Prevenci\u00f3 de Residus, que s\u2019ha lliurat a Brussel\u00b7les (B\u00e8lgica). Una representaci\u00f3 del Departament d\u2019Educaci\u00f3 Ambiental de l\u2019Ajuntament ha recollit el guard\u00f3 de mans del representant del Comit\u00e8 de Regions Europeu Tjisse Stelpstra.<\/p>\n\n\n\n<p>\u201cD\u2019oli a la pica, ni mica\u201d \u00e9s una proposta per conscienciar la ciutadania sobre l\u2019impacte de la mala gesti\u00f3 de l\u2019oli dom\u00e8stic, augmentar la quantitat d\u2019oli reciclat i millorar la xarxa de punts d\u2019aportaci\u00f3. 32 restaurants han estat punts de recollida d\u2019oli de cuina usat, que rebien, a canvi, una pastilla de sab\u00f3 artesanal que una entitat local havia elaborat amb oli reciclat. Aix\u00ed es posava de manifest el potencial d\u2019economia i comunitat circular de la ciutat.<\/p>\n\n\n\n<p>L\u2019Ag\u00e8ncia de Residus de Catalunya (ARC), organitzadora de la Setmana Europea per a la Prevenci\u00f3 de Residus en l\u2019\u00e0mbit catal\u00e0, ha estat la responsable de seleccionar les millors accions realitzades al territori. El director de l\u2019Ag\u00e8ncia de Residus de Catalunya, Isaac Peraire, que ha assistit a l\u2019acte de lliurament, ha volgut felicitar els guanyadors i ha assegurat que \u201c<strong>iniciatives com aquesta ens inspiren i fan que Catalunya guanyi el prestigi que es mereix a escala europea<\/strong>\u201d; ha destacat que \u201c<strong>la Generalitat treballa perqu\u00e8 el canvi cap a una economia circular i sostenible sigui una realitat, per\u00f2 no hi podr\u00edem arribar sense la implicaci\u00f3 de les administracions locals<\/strong>\u201d.<\/p>\n\n\n\n<p><strong>M\u00fatua de Terrassa, finalista<\/strong><\/p>\n\n\n\n<p>\u201cComprom\u00eds Verd\u201d, de M\u00fatua de Terrassa, ha estat finalista en la categoria d\u2019Empresa. Aquest comprom\u00eds es basa en la premissa que guarir la salut ha d\u2019anar de la m\u00e0 de la cura del medi ambient. L\u2019acci\u00f3 destacada que han presentat \u00e9s la promoci\u00f3 i evoluci\u00f3 de la implementaci\u00f3 en centres hospitalaris catalans del material t\u00e8xtil quir\u00fargic reutilitzable com a exponent de l\u2019economia circular. Dues altres actuacions de la M\u00fatua seleccionades han estat la reducci\u00f3 del paper a oficines i centres d\u2019atenci\u00f3 externa i la substituci\u00f3 d\u2019ampolles de pl\u00e0stic d\u2019un sol \u00fas per fonts i envasos reutilitzables.<\/p>\n\n\n\n<p>Persones expertes en medi ambient d\u2019arreu d\u2019Europa, en representaci\u00f3 del jurat dels Premis de la Setmana Europea per a la Prevenci\u00f3 de Residus (EWWR), han estat les responsables de seleccionar les candidatures guanyadores. S\u2019han lliurat premis per a les categories seg\u00fcents: Administraci\u00f3 P\u00fablica, Empresa, Associaci\u00f3, Institucions Escolars i Ciutadania, a m\u00e9s d\u2019un premi especial europeu per a l\u2019acci\u00f3 que millor ha exemplificat l\u2019esperit europeu de cooperaci\u00f3 en la prevenci\u00f3 de residus.<\/p>\n\n\n\n<p>El Premi Europeu de la Prevenci\u00f3 de Residus distingeix aquelles iniciatives realitzades en el marc de la XIII Setmana Europea de la Prevenci\u00f3 de Residus, que va tenir lloc entre el 20 i el 28 novembre de 2021 a 38 regions i durant la qual es van organitzar 12.489 activitats, 1.070 a Catalunya. Les accions guanyadores s\u2019han escollit entre 16 finalistes, sorgides entre m\u00e9s de 60 nominacions suggerides per les coordinacions nacionals i regionals d\u2019arreu d\u2019Europa.<\/p>\n\n\n\n<div><a href=\"https:\/\/areabadalona.com\/diario\/wp-content\/uploads\/2022\/06\/premi_campanya_oli02.jpeg\" class=\"td-modal-image\"><figure class=\"wp-block-image size-full\"><img loading=\"lazy\" decoding=\"async\" width=\"1024\" height=\"768\" src=\"https:\/\/areabadalona.com\/diario\/wp-content\/uploads\/2022\/06\/premi_campanya_oli02.jpeg\" alt=\"\" class=\"wp-image-3747\" srcset=\"https:\/\/areabadalona.com\/diario\/wp-content\/uploads\/2022\/06\/premi_campanya_oli02.jpeg 1024w, https:\/\/areabadalona.com\/diario\/wp-content\/uploads\/2022\/06\/premi_campanya_oli02-300x225.jpeg 300w, https:\/\/areabadalona.com\/diario\/wp-content\/uploads\/2022\/06\/premi_campanya_oli02-768x576.jpeg 768w, https:\/\/areabadalona.com\/diario\/wp-content\/uploads\/2022\/06\/premi_campanya_oli02-150x113.jpeg 150w, https:\/\/areabadalona.com\/diario\/wp-content\/uploads\/2022\/06\/premi_campanya_oli02-696x522.jpeg 696w\" sizes=\"auto, (max-width: 1024px) 100vw, 1024px\" \/><\/figure><\/a><\/div>\n\n\n\n<p><strong>La pr\u00f2xima edici\u00f3, sobre moda circular<\/strong><\/p>\n\n\n\n<p>Enguany, la XIV Setmana Europea de la Prevenci\u00f3 de Residus tindr\u00e0 lloc del 19 al 27 de novembre i se centrar\u00e0 en la moda circular i sostenible. El t\u00e8xtil representa el quart sector en \u00fas de mat\u00e8ries primeres i aigua despr\u00e9s dels aliments, l\u2019habitatge i el transport, i el cinqu\u00e8 en emissions de gasos amb efecte d\u2019hivernacle. Es calcula que menys de l\u20191% de tots els t\u00e8xtils del m\u00f3n es reciclen. Per respondre al repte, la Comissi\u00f3 Europea treballa amb una estrat\u00e8gia global, amb mesures per potenciar el percentatge de recollida selectiva, de reutilitzaci\u00f3 i de reciclatge. A Catalunya, el nivell de recollida selectiva dels residus t\u00e8xtils \u00e9s menor al 15%. Durant la pr\u00f2xima Setmana Europea, s\u2019aportaran idees i materials per allargar la vida d\u2019aquest recurs.<\/p>\n\n\n\n<p>La Setmana Europea de la Prevenci\u00f3 de Residus \u00e9s una iniciativa participada per 38 regions de 33 pa\u00efsos que ha rebut el suport de la Comissi\u00f3 Europea a trav\u00e9s de dos projectes LIFE, i actualment t\u00e9 un comit\u00e8 director, amb diverses entitats p\u00fabliques, entre les quals figura el Comit\u00e8 de Regions de la Uni\u00f3 Europea. Aquesta iniciativa busca promoure la implantaci\u00f3 d\u2019accions de sensibilitzaci\u00f3 per a la prevenci\u00f3 dels residus i la gesti\u00f3 sostenible dels recursos al llarg d\u2019una setmana de l\u2019any. A Catalunya, l\u2019ARC la coordina des de fa 13 anys.<\/p>\n","protected":false},"excerpt":{"rendered":"<p>La campanya \u201cD\u2019oli a la pica, ni mica\u201d, que ha impulsat l\u2019Ajuntament de Badalona amb el suport de l\u2019agrupaci\u00f3 de restaurants La Forquilla de la ciutat, ha rebut la distinci\u00f3 de millor acci\u00f3 de prevenci\u00f3 en la categoria d\u2019Administracions P\u00fabliques del Premi Europeu de Prevenci\u00f3 de Residus, que s\u2019ha lliurat a Brussel\u00b7les (B\u00e8lgica). Una representaci\u00f3 [&hellip;]<\/p>\n","protected":false},"author":2,"featured_media":3748,"comment_status":"open","ping_status":"open","sticky":false,"template":"","format":"standard","meta":{"footnotes":""},"categories":[23],"tags":[],"class_list":{"0":"post-3746","1":"post","2":"type-post","3":"status-publish","4":"format-standard","5":"has-post-thumbnail","7":"category-actualitat"},"_links":{"self":[{"href":"https:\/\/areabadalona.com\/diario\/wp-json\/wp\/v2\/posts\/3746","targetHints":{"allow":["GET"]}}],"collection":[{"href":"https:\/\/areabadalona.com\/diario\/wp-json\/wp\/v2\/posts"}],"about":[{"href":"https:\/\/areabadalona.com\/diario\/wp-json\/wp\/v2\/types\/post"}],"author":[{"embeddable":true,"href":"https:\/\/areabadalona.com\/diario\/wp-json\/wp\/v2\/users\/2"}],"replies":[{"embeddable":true,"href":"https:\/\/areabadalona.com\/diario\/wp-json\/wp\/v2\/comments?post=3746"}],"version-history":[{"count":1,"href":"https:\/\/areabadalona.com\/diario\/wp-json\/wp\/v2\/posts\/3746\/revisions"}],"predecessor-version":[{"id":3749,"href":"https:\/\/areabadalona.com\/diario\/wp-json\/wp\/v2\/posts\/3746\/revisions\/3749"}],"wp:featuredmedia":[{"embeddable":true,"href":"https:\/\/areabadalona.com\/diario\/wp-json\/wp\/v2\/media\/3748"}],"wp:attachment":[{"href":"https:\/\/areabadalona.com\/diario\/wp-json\/wp\/v2\/media?parent=3746"}],"wp:term":[{"taxonomy":"category","embeddable":true,"href":"https:\/\/areabadalona.com\/diario\/wp-json\/wp\/v2\/categories?post=3746"},{"taxonomy":"post_tag","embeddable":true,"href":"https:\/\/areabadalona.com\/diario\/wp-json\/wp\/v2\/tags?post=3746"}],"curies":[{"name":"wp","href":"https:\/\/api.w.org\/{rel}","templated":true}]}}