{"id":3737,"date":"2022-06-09T15:49:48","date_gmt":"2022-06-09T15:49:48","guid":{"rendered":"https:\/\/areabadalona.com\/diario\/?p=3737"},"modified":"2022-06-09T15:49:49","modified_gmt":"2022-06-09T15:49:49","slug":"audiencia-publica-per-explicar-lestat-de-les-obres-de-la-biblioteca-de-can-casacuberta","status":"publish","type":"post","link":"https:\/\/areabadalona.com\/diario\/2022\/06\/09\/audiencia-publica-per-explicar-lestat-de-les-obres-de-la-biblioteca-de-can-casacuberta\/","title":{"rendered":"Audi\u00e8ncia p\u00fablica per explicar l\u2019estat de les obres de la  biblioteca de Can Casacuberta\u00a0"},"content":{"rendered":"\n<p>Aquest divendres 10 de juny a les 18 hores, la regidora de Cultura, Anna Maria Lara, far\u00e0 una compareixen\u00e7a p\u00fablica a la sala de premsa de l\u2019edifici El Viver per detallar en quina fase es troben les actuacions que s\u2019estan fent a la Biblioteca Central Urbana Can Casacuberta per reobrir-la despr\u00e9s de m\u00e9s de dos anys tancada. &nbsp;<\/p>\n\n\n\n<p>A l\u2019acte ja s\u2019ha convidat als membres de l&#8217;Associaci\u00f3 de Ve\u00efns del Centre, als grups municipals de l&#8217;oposici\u00f3 i a la Plataforma Can Casacuberta Oberta; i es convida a assistir-hi a tots aquells ciutadans que estiguin interessats. &nbsp;<\/p>\n\n\n\n<p>Amb aquesta audi\u00e8ncia p\u00fablica es vol donar compliment a la moci\u00f3 per a la resoluci\u00f3 de la situaci\u00f3 de tancament de la biblioteca de Can Casacuberta que es va aprovar en la sessi\u00f3 plen\u00e0ria del passat mes d\u2019abril. &nbsp;<\/p>\n","protected":false},"excerpt":{"rendered":"<p>Aquest divendres 10 de juny a les 18 hores, la regidora de Cultura, Anna Maria Lara, far\u00e0 una compareixen\u00e7a p\u00fablica a la sala de premsa de l\u2019edifici El Viver per detallar en quina fase es troben les actuacions que s\u2019estan fent a la Biblioteca Central Urbana Can Casacuberta per reobrir-la despr\u00e9s de m\u00e9s de dos [&hellip;]<\/p>\n","protected":false},"author":2,"featured_media":3391,"comment_status":"open","ping_status":"open","sticky":false,"template":"","format":"standard","meta":{"footnotes":""},"categories":[23],"tags":[],"class_list":{"0":"post-3737","1":"post","2":"type-post","3":"status-publish","4":"format-standard","5":"has-post-thumbnail","7":"category-actualitat"},"_links":{"self":[{"href":"https:\/\/areabadalona.com\/diario\/wp-json\/wp\/v2\/posts\/3737","targetHints":{"allow":["GET"]}}],"collection":[{"href":"https:\/\/areabadalona.com\/diario\/wp-json\/wp\/v2\/posts"}],"about":[{"href":"https:\/\/areabadalona.com\/diario\/wp-json\/wp\/v2\/types\/post"}],"author":[{"embeddable":true,"href":"https:\/\/areabadalona.com\/diario\/wp-json\/wp\/v2\/users\/2"}],"replies":[{"embeddable":true,"href":"https:\/\/areabadalona.com\/diario\/wp-json\/wp\/v2\/comments?post=3737"}],"version-history":[{"count":1,"href":"https:\/\/areabadalona.com\/diario\/wp-json\/wp\/v2\/posts\/3737\/revisions"}],"predecessor-version":[{"id":3738,"href":"https:\/\/areabadalona.com\/diario\/wp-json\/wp\/v2\/posts\/3737\/revisions\/3738"}],"wp:featuredmedia":[{"embeddable":true,"href":"https:\/\/areabadalona.com\/diario\/wp-json\/wp\/v2\/media\/3391"}],"wp:attachment":[{"href":"https:\/\/areabadalona.com\/diario\/wp-json\/wp\/v2\/media?parent=3737"}],"wp:term":[{"taxonomy":"category","embeddable":true,"href":"https:\/\/areabadalona.com\/diario\/wp-json\/wp\/v2\/categories?post=3737"},{"taxonomy":"post_tag","embeddable":true,"href":"https:\/\/areabadalona.com\/diario\/wp-json\/wp\/v2\/tags?post=3737"}],"curies":[{"name":"wp","href":"https:\/\/api.w.org\/{rel}","templated":true}]}}