{"id":3722,"date":"2022-06-08T15:31:00","date_gmt":"2022-06-08T15:31:00","guid":{"rendered":"https:\/\/areabadalona.com\/diario\/?p=3722"},"modified":"2022-06-09T15:32:29","modified_gmt":"2022-06-09T15:32:29","slug":"el-dia-de-la-guardia-urbana-de-badalona-reconeix-la-labor-dagents-institucions-i-ciutadans","status":"publish","type":"post","link":"https:\/\/areabadalona.com\/diario\/2022\/06\/08\/el-dia-de-la-guardia-urbana-de-badalona-reconeix-la-labor-dagents-institucions-i-ciutadans\/","title":{"rendered":"El Dia de la Gu\u00e0rdia Urbana de Badalona reconeix la labor  d\u2019agents, institucions i ciutadans\u00a0"},"content":{"rendered":"\n<p>L\u2019auditori del Badalona Centre Internacional de Negocis (BCIN) ha estat avui l\u2019escenari d\u2019una nova edici\u00f3 del Dia de la Gu\u00e0rdia Urbana de Badalona. L\u2019acte ha servit per felicitar i recon\u00e8ixer els actes meritoris dels agents del cos de la Gu\u00e0rdia Urbana de Badalona, d\u2019altres cossos policials, de diverses institucions, i altres persones que han col\u00b7laborat directament amb la policia local durant l\u2019\u00faltim any. &nbsp;<\/p>\n\n\n\n<p>L\u2019acte ha estat presidit per l\u2019alcalde de Badalona, Rub\u00e9n Guijarro; que ha estat acompanyat en el lliurament dels guardons per la delegada del Govern d\u2019Espanya a Catalunya, Maria Eug\u00e8nia Gay; la subdirectora general de Suport al Sistema de Seguretat en l&#8217;\u00c0mbit Local de la Generalitat de Catalunya, Bego\u00f1a Curto; el regidor de l\u2019\u00c0mbit de Govern i Seguretat Ciutadana de l\u2019Ajuntament de Badalona, Christian Carneado; el jutge deg\u00e0 de Badalona, Josep Maria Noales; el superintendent cap de la Gu\u00e0rdia Urbana de Badalona, Conrado Fern\u00e1ndez i Juan Antonio Pozo, intendent de la Gu\u00e0rdia Urbana. &nbsp;<\/p>\n\n\n\n<p>A banda del reconeixement als professionals dels cossos de seguretat, a l\u2019acte institucional s\u2019ha destacat la tasca de diverses institucions com l\u2019Hospital Municipal de Badalona i l\u2019Hospital Germans Trias i Pujol, aix\u00ed com a la comunitat xinesa, pel seu suport a la ciutat i als agents de la Gu\u00e0rdia Urbana amb l\u2019aportaci\u00f3 de material sanitari durant els primers mesos de la pand\u00e8mia de la Covid19.&nbsp;<\/p>\n\n\n\n<p>En el seu discurs l\u2019alcalde de Badalona, Rub\u00e9n Guijarro, ha manifestat que: \u201cdefenso on calgui la nostra Gu\u00e0rdia Urbana i la seva feina. \u00c9s el que crec que s\u2019ha de fer des de la pol\u00edtica. No \u00e9s tolerable pol\u00edticament situar els cossos policials com a enemics de la societat, quan la seva tasca \u00e9s protegir i cuidar aquesta societat. Hem de ser clars i contundents en la defensa de la policia, de la Gu\u00e0rdia Urbana\u201d.&nbsp;<\/p>\n","protected":false},"excerpt":{"rendered":"<p>L\u2019auditori del Badalona Centre Internacional de Negocis (BCIN) ha estat avui l\u2019escenari d\u2019una nova edici\u00f3 del Dia de la Gu\u00e0rdia Urbana de Badalona. L\u2019acte ha servit per felicitar i recon\u00e8ixer els actes meritoris dels agents del cos de la Gu\u00e0rdia Urbana de Badalona, d\u2019altres cossos policials, de diverses institucions, i altres persones que han col\u00b7laborat [&hellip;]<\/p>\n","protected":false},"author":2,"featured_media":3723,"comment_status":"open","ping_status":"open","sticky":false,"template":"","format":"standard","meta":{"footnotes":""},"categories":[23],"tags":[],"class_list":{"0":"post-3722","1":"post","2":"type-post","3":"status-publish","4":"format-standard","5":"has-post-thumbnail","7":"category-actualitat"},"_links":{"self":[{"href":"https:\/\/areabadalona.com\/diario\/wp-json\/wp\/v2\/posts\/3722","targetHints":{"allow":["GET"]}}],"collection":[{"href":"https:\/\/areabadalona.com\/diario\/wp-json\/wp\/v2\/posts"}],"about":[{"href":"https:\/\/areabadalona.com\/diario\/wp-json\/wp\/v2\/types\/post"}],"author":[{"embeddable":true,"href":"https:\/\/areabadalona.com\/diario\/wp-json\/wp\/v2\/users\/2"}],"replies":[{"embeddable":true,"href":"https:\/\/areabadalona.com\/diario\/wp-json\/wp\/v2\/comments?post=3722"}],"version-history":[{"count":1,"href":"https:\/\/areabadalona.com\/diario\/wp-json\/wp\/v2\/posts\/3722\/revisions"}],"predecessor-version":[{"id":3724,"href":"https:\/\/areabadalona.com\/diario\/wp-json\/wp\/v2\/posts\/3722\/revisions\/3724"}],"wp:featuredmedia":[{"embeddable":true,"href":"https:\/\/areabadalona.com\/diario\/wp-json\/wp\/v2\/media\/3723"}],"wp:attachment":[{"href":"https:\/\/areabadalona.com\/diario\/wp-json\/wp\/v2\/media?parent=3722"}],"wp:term":[{"taxonomy":"category","embeddable":true,"href":"https:\/\/areabadalona.com\/diario\/wp-json\/wp\/v2\/categories?post=3722"},{"taxonomy":"post_tag","embeddable":true,"href":"https:\/\/areabadalona.com\/diario\/wp-json\/wp\/v2\/tags?post=3722"}],"curies":[{"name":"wp","href":"https:\/\/api.w.org\/{rel}","templated":true}]}}