{"id":3716,"date":"2022-06-08T11:23:30","date_gmt":"2022-06-08T11:23:30","guid":{"rendered":"https:\/\/areabadalona.com\/diario\/?p=3716"},"modified":"2022-06-08T11:23:31","modified_gmt":"2022-06-08T11:23:31","slug":"ja-es-poden-reservar-els-tiquets-per-al-sopar-de-blanc-de-la-fundacio-badalona-contra-el-cancer","status":"publish","type":"post","link":"https:\/\/areabadalona.com\/diario\/2022\/06\/08\/ja-es-poden-reservar-els-tiquets-per-al-sopar-de-blanc-de-la-fundacio-badalona-contra-el-cancer\/","title":{"rendered":"Ja es poden reservar els tiquets per al sopar de blanc de la Fundaci\u00f3 Badalona contra el c\u00e0ncer"},"content":{"rendered":"\n<p>El <strong>divendres 17 de juny a les 21.00 h<\/strong>. tindr\u00e0 lloc el <strong>Sopar i Festa de Blanc<\/strong> al <strong>Club N\u00e0utic B\u00e8tulo<\/strong> (Passeig mar\u00edtim s\/n de Badalona). Ja es poden reservar els tiquets per el sopar, als tel\u00e8fons 652 58 68 89, 654 23 78 44, o al C\/ Germ\u00e0 Bernab\u00e9 2 de Badalona.<\/p>\n\n\n\n<p>Els restaurants i establiments que col\u00b7laboren de manera desinteressada s\u00f3n:<\/p>\n\n\n\n<p>Caf\u00e8 de les Ant\u00edpodes, Can Soler, Corominas, El Bola, Forn Bertran, Mexclat, Peix i Cuina, Rum Rum, Vins Teixid\u00f3 i 3F M\u00fasica.<\/p>\n\n\n\n<p>El donatiu \u00e9s de 40 euros i inclou la degustaci\u00f3 dels plats que ofereix cada restaurant, una copa de cava i una beguda.<\/p>\n\n\n\n<p>Tamb\u00e9 ser\u00e0 possible fer un bany a la piscina del Club N\u00e0utic B\u00e9tulo.<\/p>\n\n\n\n<p>Es recorda que \u00e9s imprescindible anar vestit de blanc.<\/p>\n\n\n\n<p>Per m\u00e9s informaci\u00f3 ens podeu trobar al tel\u00e8fon 620 97 95 19 (M\u00f2nica Hern\u00e1ndez)<\/p>\n","protected":false},"excerpt":{"rendered":"<p>El divendres 17 de juny a les 21.00 h. tindr\u00e0 lloc el Sopar i Festa de Blanc al Club N\u00e0utic B\u00e8tulo (Passeig mar\u00edtim s\/n de Badalona). Ja es poden reservar els tiquets per el sopar, als tel\u00e8fons 652 58 68 89, 654 23 78 44, o al C\/ Germ\u00e0 Bernab\u00e9 2 de Badalona. Els restaurants [&hellip;]<\/p>\n","protected":false},"author":2,"featured_media":3717,"comment_status":"open","ping_status":"open","sticky":false,"template":"","format":"standard","meta":{"footnotes":""},"categories":[23,24],"tags":[],"class_list":{"0":"post-3716","1":"post","2":"type-post","3":"status-publish","4":"format-standard","5":"has-post-thumbnail","7":"category-actualitat","8":"category-societat"},"_links":{"self":[{"href":"https:\/\/areabadalona.com\/diario\/wp-json\/wp\/v2\/posts\/3716","targetHints":{"allow":["GET"]}}],"collection":[{"href":"https:\/\/areabadalona.com\/diario\/wp-json\/wp\/v2\/posts"}],"about":[{"href":"https:\/\/areabadalona.com\/diario\/wp-json\/wp\/v2\/types\/post"}],"author":[{"embeddable":true,"href":"https:\/\/areabadalona.com\/diario\/wp-json\/wp\/v2\/users\/2"}],"replies":[{"embeddable":true,"href":"https:\/\/areabadalona.com\/diario\/wp-json\/wp\/v2\/comments?post=3716"}],"version-history":[{"count":1,"href":"https:\/\/areabadalona.com\/diario\/wp-json\/wp\/v2\/posts\/3716\/revisions"}],"predecessor-version":[{"id":3718,"href":"https:\/\/areabadalona.com\/diario\/wp-json\/wp\/v2\/posts\/3716\/revisions\/3718"}],"wp:featuredmedia":[{"embeddable":true,"href":"https:\/\/areabadalona.com\/diario\/wp-json\/wp\/v2\/media\/3717"}],"wp:attachment":[{"href":"https:\/\/areabadalona.com\/diario\/wp-json\/wp\/v2\/media?parent=3716"}],"wp:term":[{"taxonomy":"category","embeddable":true,"href":"https:\/\/areabadalona.com\/diario\/wp-json\/wp\/v2\/categories?post=3716"},{"taxonomy":"post_tag","embeddable":true,"href":"https:\/\/areabadalona.com\/diario\/wp-json\/wp\/v2\/tags?post=3716"}],"curies":[{"name":"wp","href":"https:\/\/api.w.org\/{rel}","templated":true}]}}