{"id":3713,"date":"2022-06-07T11:16:00","date_gmt":"2022-06-07T11:16:00","guid":{"rendered":"https:\/\/areabadalona.com\/diario\/?p=3713"},"modified":"2022-06-08T11:18:40","modified_gmt":"2022-06-08T11:18:40","slug":"les-infraccions-penals-a-badalona-durant-el-primer-trimestre-de-2022-se-situen-per-sota-de-la-mitjana-de-les-dades-de-catalunya-i-de-les-principals-ciutats-de-la-provincia-de-barcelona","status":"publish","type":"post","link":"https:\/\/areabadalona.com\/diario\/2022\/06\/07\/les-infraccions-penals-a-badalona-durant-el-primer-trimestre-de-2022-se-situen-per-sota-de-la-mitjana-de-les-dades-de-catalunya-i-de-les-principals-ciutats-de-la-provincia-de-barcelona\/","title":{"rendered":"Les infraccions penals a Badalona durant el primer trimestre de  2022 se situen per sota de la mitjana de les dades de Catalunya i de les  principals ciutats de la prov\u00edncia de Barcelona \u00a0"},"content":{"rendered":"\n<p>Segons les dades publicades aquesta setmana pel Ministeri d\u2019Interior, el nombre d\u2019infraccions penals a Badalona durant el primer trimestre de 2022 se situa per sota de la mitjana de les dades de Catalunya i de les principals ciutats de la prov\u00edncia de Barcelona en aquest mateix per\u00edode. Tot i que en comparaci\u00f3 amb el primer trimestre de 2021, en el qual hi havia restriccions sanit\u00e0ries per la pand\u00e8mia, les xifres indiquen que els delictes han augmentat globalment a tot el territori, a Badalona ho ha fet nom\u00e9s un 20%, mentre que a Catalunya ho ha fet un 29% i a tota la prov\u00edncia de Barcelona un 31,2%. &nbsp;<\/p>\n\n\n\n<p>Aquesta mateixa dada ha augmentat m\u00e9s a la majoria de ciutats de la prov\u00edncia. A Barcelona els delictes han pujat un 43,7%; a l\u2019Hospitalet, un 22,9%; a Matar\u00f3, un 42,2%; i a Sabadell, un 21,1%. Entre els municipis de la mateixa grand\u00e0ria que Badalona, l\u2019augment d\u2019infraccions penals nom\u00e9s \u00e9s inferior a Terrassa, on els delictes han pujat un 13,9%. &nbsp;<\/p>\n\n\n\n<p>Les dades del Ministeri de l\u2019Interior destaquen que el principal augment d\u2019infraccions penals a Badalona en el per\u00edode estudiat correspon als robatoris en domicilis. Aquest fet s\u2019explica per l\u2019exist\u00e8ncia d\u2019una banda organitzada especialitzada en aquesta mena de delictes que actuava a la ciutat i que va ser desarticulada recentment pels Mossos d\u2019Esquadra. &nbsp;<\/p>\n\n\n\n<p>D\u2019altra banda, les dades oficials de la Gu\u00e0rdia Urbana de Badalona assenyalen que la crema de vehicles i contenidors a la ciutat durant el primer trimestre de 2022 respecte al mateix per\u00edode de l\u2019any passat s\u2019ha redu\u00eft un 47% i un 30% respectivament. &nbsp;<\/p>\n\n\n\n<p>L\u2019alcalde de Badalona, Rub\u00e9n Guijarro, ha destacat que \u201cles dades oficials del Ministeri demostren que Badalona \u00e9s una ciutat segura i que la xifra de delictives al municipi est\u00e0 molt per sota de la mitjana de Catalunya i de la prov\u00edncia de Barcelona\u201d. Guijarro ha recordat que \u201caquestes dades provisionals del Ministeri estan comparades amb el primer trimestre de 2021, uns mesos on encara estaven vigent les restriccions per la pand\u00e8mia\u201d. \u201cEncara que les xifres comparades s\u00f3n positives, el comprom\u00eds del Govern municipal \u00e9s continuar augmentant els recursos de la Gu\u00e0rdia Urbana i millorar la coordinaci\u00f3 amb altres cossos policials per aconseguir que les dades delictives continu\u00efn millorant\u201d, ha assegurat l\u2019alcalde. &nbsp;<\/p>\n","protected":false},"excerpt":{"rendered":"<p>Segons les dades publicades aquesta setmana pel Ministeri d\u2019Interior, el nombre d\u2019infraccions penals a Badalona durant el primer trimestre de 2022 se situa per sota de la mitjana de les dades de Catalunya i de les principals ciutats de la prov\u00edncia de Barcelona en aquest mateix per\u00edode. Tot i que en comparaci\u00f3 amb el primer [&hellip;]<\/p>\n","protected":false},"author":2,"featured_media":3714,"comment_status":"open","ping_status":"open","sticky":false,"template":"","format":"standard","meta":{"footnotes":""},"categories":[23,24],"tags":[],"class_list":{"0":"post-3713","1":"post","2":"type-post","3":"status-publish","4":"format-standard","5":"has-post-thumbnail","7":"category-actualitat","8":"category-societat"},"_links":{"self":[{"href":"https:\/\/areabadalona.com\/diario\/wp-json\/wp\/v2\/posts\/3713","targetHints":{"allow":["GET"]}}],"collection":[{"href":"https:\/\/areabadalona.com\/diario\/wp-json\/wp\/v2\/posts"}],"about":[{"href":"https:\/\/areabadalona.com\/diario\/wp-json\/wp\/v2\/types\/post"}],"author":[{"embeddable":true,"href":"https:\/\/areabadalona.com\/diario\/wp-json\/wp\/v2\/users\/2"}],"replies":[{"embeddable":true,"href":"https:\/\/areabadalona.com\/diario\/wp-json\/wp\/v2\/comments?post=3713"}],"version-history":[{"count":1,"href":"https:\/\/areabadalona.com\/diario\/wp-json\/wp\/v2\/posts\/3713\/revisions"}],"predecessor-version":[{"id":3715,"href":"https:\/\/areabadalona.com\/diario\/wp-json\/wp\/v2\/posts\/3713\/revisions\/3715"}],"wp:featuredmedia":[{"embeddable":true,"href":"https:\/\/areabadalona.com\/diario\/wp-json\/wp\/v2\/media\/3714"}],"wp:attachment":[{"href":"https:\/\/areabadalona.com\/diario\/wp-json\/wp\/v2\/media?parent=3713"}],"wp:term":[{"taxonomy":"category","embeddable":true,"href":"https:\/\/areabadalona.com\/diario\/wp-json\/wp\/v2\/categories?post=3713"},{"taxonomy":"post_tag","embeddable":true,"href":"https:\/\/areabadalona.com\/diario\/wp-json\/wp\/v2\/tags?post=3713"}],"curies":[{"name":"wp","href":"https:\/\/api.w.org\/{rel}","templated":true}]}}