{"id":3709,"date":"2022-06-08T10:36:39","date_gmt":"2022-06-08T10:36:39","guid":{"rendered":"https:\/\/areabadalona.com\/diario\/?p=3709"},"modified":"2022-06-08T10:36:41","modified_gmt":"2022-06-08T10:36:41","slug":"lajuntament-de-badalona-impulsa-una-campanya-per-evitar-que-es-llencin-residus-als-embornals-del-carrer-que-acaben-arribant-al-mar","status":"publish","type":"post","link":"https:\/\/areabadalona.com\/diario\/2022\/06\/08\/lajuntament-de-badalona-impulsa-una-campanya-per-evitar-que-es-llencin-residus-als-embornals-del-carrer-que-acaben-arribant-al-mar\/","title":{"rendered":"L\u2019Ajuntament de Badalona impulsa una campanya per evitar que es  llencin residus als embornals del carrer que acaben arribant al mar\u00a0"},"content":{"rendered":"\n<p>En el marc del Dia Mundial dels Mars i Oceans que se celebra avui dimecres 8 de juny, l\u2019Ajuntament de Badalona ha impulsat la campanya \u201cEl mar comen\u00e7a aqu\u00ed\u201d, que vol conscienciar la ciutadania sobre la necessitat d\u2019evitar que es llencin residus als embornals del carrer, ja que aquests acaben arribat a l\u2019aigua i contaminant el nostre litoral. La iniciativa consisteix en la instal\u00b7laci\u00f3 d\u2019unes plaques amb la inscripci\u00f3 \u201cEl mar comen\u00e7a aqu\u00ed, no hi llencis res\u201d al costat de 60 embornals de carrer distribu\u00efts per tots els districtes de la ciutat. El disseny de les plaques incorpora la imatge d\u2019un dof\u00ed inspirada en el mosaic rom\u00e0 de la Casa dels Dofins i posa \u00e8mfasi en la relaci\u00f3 que Badalona ha tingut amb el mar al llarg de la seva hist\u00f2ria.&nbsp;<\/p>\n\n\n\n<p>La campanya vol evidenciar la connexi\u00f3 existent entre els residus flotants que trobem a les platges i al mar i aquells residus que s\u2019abandonen a la via p\u00fablica o s\u2019introdueixen directament en els embornals, encara que aquests estiguin allunyats de la costa. Un exemple dels residus que acaben arribant al mar habitualment per la dificultat de depurar-los s\u00f3n les puntes de cigarreta, els papers petits o tota mena de micropl\u00e0stics. &nbsp;<\/p>\n\n\n\n<p><strong>Col\u00b7laboraci\u00f3 de les Escoles Verdes i l\u2019alumnat de l\u2019Escola Pau Gargallo&nbsp;<\/strong><\/p>\n\n\n\n<p>Per sensibilitzar tamb\u00e9 als m\u00e9s petits sobre aquesta problem\u00e0tica, les Escoles Verdes de Badalona han treballat durant aquest curs escolar el tema de la contaminaci\u00f3 marina, aprofundint en com alguns gestos quotidians, com ara llen\u00e7ar una tovalloleta pel v\u00e0ter, poden acabar perjudicant l\u2019ecosistema mar\u00ed. Cada any, la Xarxa d\u2019Escoles de Badalona per a la Sostenibilitat realitza una acci\u00f3 conjunta de tots els centres per donar visibilitat a la feina feta i ajudar a conscienciar els infants, les fam\u00edlies i la ciutadania en general. Enguany, l\u2019acci\u00f3 conjunta s\u2019ha fet aquest dimecres al mat\u00ed en el marc de la celebraci\u00f3 del Dia Mundial dels Mars i Oceans i el llan\u00e7ament de la campanya \u201cEl mar comen\u00e7a aqu\u00ed, no hi llencis res\u201d. Concretament, els alumnes de les 17 Escoles Verdes han fet una acci\u00f3 simb\u00f2lica de senyalitzaci\u00f3 dels embornals creant murals ef\u00edmers al voltant d\u2019algunes de les plaques instal\u00b7lades arreu de la ciutat. Els murals estan pintats a terra amb dibuixos inspirats en l\u2019ecosistema mar\u00ed i busquen captar l\u2019atenci\u00f3 dels vianants i fer arribar millor el missatge.&nbsp;<\/p>\n\n\n\n<p>La campanya de conscienciaci\u00f3 impulsada per l\u2019Ajuntament tamb\u00e9 compta amb la col\u00b7laboraci\u00f3 de l\u2019Escola d\u2019Art Pau Gargallo. Alumnes de primer curs de c\u00f2mic i d\u2019il\u00b7lustraci\u00f3 estan fent des de la setmana passada un mural inspirat en la biodiversitat marina del litoral badalon\u00ed al pas subterrani del carrer Estrop, que passa per sota la via del tren per donar acc\u00e9s a la platja. El mural est\u00e0 pensat per dignificar i embellir aquest indret i transmetre a la ciutadania que la platja i el mar \u00e9s molt m\u00e9s que un simple espai de lleure i que cal fer-ne un \u00fas respectu\u00f3s per protegir la biodiversitat del medi mar\u00ed. &nbsp;<\/p>\n\n\n\n<p>La regidora de l\u2019\u00c0rea de Medi Ambient i Sostenibilitat, Rosa Trenado, ha insistit en la import\u00e0ncia \u201cd\u2019entendre i ser conscients de l&#8217;impacte que poden provocar algunes accions quotidianes sobre el medi ambient\u201d. \u201cEl problema de les deixalles marines \u00e9s cada dia m\u00e9s greu i \u00e9s molt necess\u00e0ria la sensibilitzaci\u00f3 de la ciutadania per a poder aturar els danys que causen accions que podem creure que s\u00f3n irrellevants\u201d, ha reflexionat Trenado. La regidora ha explicat que \u201cl&#8217;objectiu principal de la campanya impulsada per l\u2019Ajuntament, juntament amb les accions de les Escoles Verdes i de l\u2019Escola Pau Gargallo, \u00e9s fer visible aquesta problem\u00e0tica i, a la vegada, implicar la ciutadania, especialment als m\u00e9s joves, en la soluci\u00f3 d\u2019aquesta situaci\u00f3\u201d. \u00a0<\/p>\n\n\n\n<div><a href=\"https:\/\/areabadalona.com\/diario\/wp-content\/uploads\/2022\/06\/mar_clavegueres02.jpg\" class=\"td-modal-image\"><figure class=\"wp-block-image size-full\"><img loading=\"lazy\" decoding=\"async\" width=\"1024\" height=\"768\" src=\"https:\/\/areabadalona.com\/diario\/wp-content\/uploads\/2022\/06\/mar_clavegueres02.jpg\" alt=\"\" class=\"wp-image-3710\" srcset=\"https:\/\/areabadalona.com\/diario\/wp-content\/uploads\/2022\/06\/mar_clavegueres02.jpg 1024w, https:\/\/areabadalona.com\/diario\/wp-content\/uploads\/2022\/06\/mar_clavegueres02-300x225.jpg 300w, https:\/\/areabadalona.com\/diario\/wp-content\/uploads\/2022\/06\/mar_clavegueres02-768x576.jpg 768w, https:\/\/areabadalona.com\/diario\/wp-content\/uploads\/2022\/06\/mar_clavegueres02-150x113.jpg 150w, https:\/\/areabadalona.com\/diario\/wp-content\/uploads\/2022\/06\/mar_clavegueres02-696x522.jpg 696w\" sizes=\"auto, (max-width: 1024px) 100vw, 1024px\" \/><\/figure><\/a><\/div>\n\n\n\n<p><strong>8 de juny, Dia Mundial del Mar i els Oceans&nbsp;<\/strong><\/p>\n\n\n\n<p>Els oceans representen el 70% de la superf\u00edcie del planeta i s\u00f3n la principal font de vida de la terra. Als oceans es produeix, com a m\u00ednim, el 50% de l\u2019oxigen del planeta i hi trobem la major part de la biodiversitat. El mar ens proporciona una gran part dels nostres recursos alimentaris i \u00e9s clau per a l\u2019economia mundial. No obstant aix\u00f2, els humans tamb\u00e9 estem malmetent el mar i els seus recursos, acabant amb la biodiversitat marina i posant en perill la biosfera. &nbsp;<\/p>\n\n\n\n<p>Les poblacions del 90% de les esp\u00e8cies de peixos estan disminuint de manera alarmant, els esculls de corall s\u2019estan morint i els pols s\u2019estan fonent. El missatge \u00e9s que cal treballar tots junts per crear un nou equilibri i restaurar, en la mesura del possible, el que en els darrers anys s\u2019est\u00e0 destruint de manera accelerada. Cal retornar-li la vida al mar. \u00c9s per aix\u00f2 que l\u2019ONU, per al 2022 ha posat com a lema del Dia Mundial dels Mars i Oceans \u201cRevitalitzaci\u00f3: acci\u00f3 col\u00b7lectiva pels oceans\u201d.&nbsp;<\/p>\n","protected":false},"excerpt":{"rendered":"<p>En el marc del Dia Mundial dels Mars i Oceans que se celebra avui dimecres 8 de juny, l\u2019Ajuntament de Badalona ha impulsat la campanya \u201cEl mar comen\u00e7a aqu\u00ed\u201d, que vol conscienciar la ciutadania sobre la necessitat d\u2019evitar que es llencin residus als embornals del carrer, ja que aquests acaben arribat a l\u2019aigua i contaminant [&hellip;]<\/p>\n","protected":false},"author":2,"featured_media":3711,"comment_status":"open","ping_status":"open","sticky":false,"template":"","format":"standard","meta":{"footnotes":""},"categories":[23],"tags":[],"class_list":{"0":"post-3709","1":"post","2":"type-post","3":"status-publish","4":"format-standard","5":"has-post-thumbnail","7":"category-actualitat"},"_links":{"self":[{"href":"https:\/\/areabadalona.com\/diario\/wp-json\/wp\/v2\/posts\/3709","targetHints":{"allow":["GET"]}}],"collection":[{"href":"https:\/\/areabadalona.com\/diario\/wp-json\/wp\/v2\/posts"}],"about":[{"href":"https:\/\/areabadalona.com\/diario\/wp-json\/wp\/v2\/types\/post"}],"author":[{"embeddable":true,"href":"https:\/\/areabadalona.com\/diario\/wp-json\/wp\/v2\/users\/2"}],"replies":[{"embeddable":true,"href":"https:\/\/areabadalona.com\/diario\/wp-json\/wp\/v2\/comments?post=3709"}],"version-history":[{"count":1,"href":"https:\/\/areabadalona.com\/diario\/wp-json\/wp\/v2\/posts\/3709\/revisions"}],"predecessor-version":[{"id":3712,"href":"https:\/\/areabadalona.com\/diario\/wp-json\/wp\/v2\/posts\/3709\/revisions\/3712"}],"wp:featuredmedia":[{"embeddable":true,"href":"https:\/\/areabadalona.com\/diario\/wp-json\/wp\/v2\/media\/3711"}],"wp:attachment":[{"href":"https:\/\/areabadalona.com\/diario\/wp-json\/wp\/v2\/media?parent=3709"}],"wp:term":[{"taxonomy":"category","embeddable":true,"href":"https:\/\/areabadalona.com\/diario\/wp-json\/wp\/v2\/categories?post=3709"},{"taxonomy":"post_tag","embeddable":true,"href":"https:\/\/areabadalona.com\/diario\/wp-json\/wp\/v2\/tags?post=3709"}],"curies":[{"name":"wp","href":"https:\/\/api.w.org\/{rel}","templated":true}]}}