{"id":3624,"date":"2022-05-19T11:42:00","date_gmt":"2022-05-19T11:42:00","guid":{"rendered":"https:\/\/areabadalona.com\/diario\/?p=3624"},"modified":"2022-05-25T11:42:50","modified_gmt":"2022-05-25T11:42:50","slug":"el-badiu-jove-posa-en-marxa-un-espai-dacompanyament-lgtbiq","status":"publish","type":"post","link":"https:\/\/areabadalona.com\/diario\/2022\/05\/19\/el-badiu-jove-posa-en-marxa-un-espai-dacompanyament-lgtbiq\/","title":{"rendered":"El Badiu Jove posa en marxa un espai d\u2019acompanyament LGTBIQ+\u00a0"},"content":{"rendered":"\n<p>Des d\u2019aquest mes de maig el Badiu Jove de Badalona ha ampliat els seus serveis amb un nou espai d\u2019acompanyament LGTBIQ+. Es pret\u00e9n donar resposta a l\u2019augment de consultes que es rep a t\u00edtol individual, o des de centres educatius, entitats i associacions, entorn de la diversitat afectiva, sexual, de g\u00e8nere i sobre la LGTBIf\u00f2bia.&nbsp;<\/p>\n\n\n\n<p>El Badiu Jove, situat al carrer d\u2019Ausi\u00e0s Marc 61, \u00e9s un espai de refer\u00e8ncia per a les persones joves de la ciutat on es concentren diferents serveis i programes amb la finalitat de proporcionar la informaci\u00f3 i els recursos necessaris per aconseguir una plena integraci\u00f3 social i laboral.&nbsp;<\/p>\n\n\n\n<p>El nou espai d\u2019acompanyament LGTBIQ+ del Badiu Jove t\u00e9 els objectius seg\u00fcents:&nbsp;<\/p>\n\n\n\n<p>&#8211; Escoltar, informar i orientar, des de la proximitat en un espai de confian\u00e7a i confidencialitat, sobre la diversitat afectiva, sexual i de g\u00e8nere.&nbsp;<\/p>\n\n\n\n<p>&#8211; Escoltar, atendre, donar suport i acompanyar, davant de situacions de discriminaci\u00f3 per motius d\u2019orientaci\u00f3 sexual, identitat i expressi\u00f3 de g\u00e8nere.&nbsp;<\/p>\n\n\n\n<p>&#8211; Sensibilitzar i formar, a joves, fam\u00edlies i professionals, sobre la diversitat afectiva, sexual i de g\u00e8nere i contra la LGTBIQf\u00f2bia.&nbsp;<\/p>\n\n\n\n<p>Per assolir aquests prop\u00f2sits el nou espai d\u2019acompanyament LGTBIQ+ del Badiu Jove far\u00e0 xarxa per treballar de manera coordinada amb els diferents agents, com ara entitats, fundacions, associacions, etc., vinculats en aquest \u00e0mbit. Aix\u00ed es podran detectar millor les necessitats i establir els protocols d\u2019atenci\u00f3 i d\u2019actuaci\u00f3 m\u00e9s adequats per a combatre qualsevol discriminaci\u00f3. A m\u00e9s, tamb\u00e9 s\u2019oferir\u00e0 un recull de recursos presencials i digitals LGTBIQ+.&nbsp;<\/p>\n\n\n\n<p>El nou espai d\u2019acompanyament LGTBIQ+ funciona els dimarts en horari de 16 a 19 hores. Per a informaci\u00f3 i demanar cita pr\u00e8via cal trucar al tel\u00e8fon 93 483 29 34 o al 690 306 812.&nbsp;<\/p>\n\n\n\n<p>La regidora de l\u2019\u00c0rea de Joventut, Participaci\u00f3 Ciutadana i Coordinaci\u00f3 Territorial, Andrea Zapata, ha manifestat que amb l\u2019obertura d\u2019aquest espai: \u201cvolem donar resposta a una necessitat que en els darrers anys ha anat en augment, cada vegada s\u00f3n m\u00e9s les persones joves que demanen acompanyament en diferents aspectes relacionats amb la diversitat de g\u00e8nere, aix\u00ed com visibilitzar i donar eines de suport per a combatre qualsevol situaci\u00f3 de LGTBIf\u00f2bia que es doni a la ciutat\u201d.&nbsp;<\/p>\n","protected":false},"excerpt":{"rendered":"<p>Des d\u2019aquest mes de maig el Badiu Jove de Badalona ha ampliat els seus serveis amb un nou espai d\u2019acompanyament LGTBIQ+. Es pret\u00e9n donar resposta a l\u2019augment de consultes que es rep a t\u00edtol individual, o des de centres educatius, entitats i associacions, entorn de la diversitat afectiva, sexual, de g\u00e8nere i sobre la LGTBIf\u00f2bia.&nbsp; [&hellip;]<\/p>\n","protected":false},"author":2,"featured_media":3625,"comment_status":"open","ping_status":"open","sticky":false,"template":"","format":"standard","meta":{"footnotes":""},"categories":[23,24],"tags":[],"class_list":{"0":"post-3624","1":"post","2":"type-post","3":"status-publish","4":"format-standard","5":"has-post-thumbnail","7":"category-actualitat","8":"category-societat"},"_links":{"self":[{"href":"https:\/\/areabadalona.com\/diario\/wp-json\/wp\/v2\/posts\/3624","targetHints":{"allow":["GET"]}}],"collection":[{"href":"https:\/\/areabadalona.com\/diario\/wp-json\/wp\/v2\/posts"}],"about":[{"href":"https:\/\/areabadalona.com\/diario\/wp-json\/wp\/v2\/types\/post"}],"author":[{"embeddable":true,"href":"https:\/\/areabadalona.com\/diario\/wp-json\/wp\/v2\/users\/2"}],"replies":[{"embeddable":true,"href":"https:\/\/areabadalona.com\/diario\/wp-json\/wp\/v2\/comments?post=3624"}],"version-history":[{"count":1,"href":"https:\/\/areabadalona.com\/diario\/wp-json\/wp\/v2\/posts\/3624\/revisions"}],"predecessor-version":[{"id":3626,"href":"https:\/\/areabadalona.com\/diario\/wp-json\/wp\/v2\/posts\/3624\/revisions\/3626"}],"wp:featuredmedia":[{"embeddable":true,"href":"https:\/\/areabadalona.com\/diario\/wp-json\/wp\/v2\/media\/3625"}],"wp:attachment":[{"href":"https:\/\/areabadalona.com\/diario\/wp-json\/wp\/v2\/media?parent=3624"}],"wp:term":[{"taxonomy":"category","embeddable":true,"href":"https:\/\/areabadalona.com\/diario\/wp-json\/wp\/v2\/categories?post=3624"},{"taxonomy":"post_tag","embeddable":true,"href":"https:\/\/areabadalona.com\/diario\/wp-json\/wp\/v2\/tags?post=3624"}],"curies":[{"name":"wp","href":"https:\/\/api.w.org\/{rel}","templated":true}]}}