{"id":3621,"date":"2022-05-19T11:40:00","date_gmt":"2022-05-19T11:40:00","guid":{"rendered":"https:\/\/areabadalona.com\/diario\/?p=3621"},"modified":"2022-05-25T11:41:15","modified_gmt":"2022-05-25T11:41:15","slug":"jornades-de-debat-sobre-prevencio-i-seguretat-ciutadana-a-badalona","status":"publish","type":"post","link":"https:\/\/areabadalona.com\/diario\/2022\/05\/19\/jornades-de-debat-sobre-prevencio-i-seguretat-ciutadana-a-badalona\/","title":{"rendered":"Jornades de debat sobre prevenci\u00f3 i seguretat ciutadana a  Badalona\u00a0"},"content":{"rendered":"\n<p>L\u2019Ajuntament de Badalona organitza les \u201cJornades de debat sobre prevenci\u00f3 i seguretat ciutadana\u201d que tindran lloc els pr\u00f2xims dies 8, 14 i 22 de juny. Les jornades, obertes a la participaci\u00f3 de la ciutadania, s\u00f3n fruit dels primers acords del Consell de Prevenci\u00f3 i Seguretat Ciutadana de Badalona, l\u2019\u00f2rgan consultiu de l\u2019Ajuntament que t\u00e9 la voluntat de socialitzar la discussi\u00f3 sobre la seguretat ciutadana a la ciutat. &nbsp;<\/p>\n\n\n\n<p>L\u2019objectiu d\u2019aquestes jornades, segons que ha manifestat el tercer tinent d\u2019alcaldia i regidor de l\u2019\u00c0mbit de Protecci\u00f3 Social a les Persones i Impuls Comercial, David Torrents, \u00e9s \u201cdebatre amb transpar\u00e8ncia sobre el concepte de seguretat amb l\u2019aportaci\u00f3 d\u2019experts i la implicaci\u00f3 del conjunt de la ciutadania\u201d. En aquest sentit, el regidor ha avan\u00e7at que les conclusions que s\u2019extreguin de les jornades \u201ces portaran a la Junta de Seguretat Local de Badalona\u201d.&nbsp;<\/p>\n\n\n\n<p>Programa de les \u201cJornades de debat sobre prevenci\u00f3 i seguretat ciutadana\u201d&nbsp;<\/p>\n\n\n\n<p><strong>POL\u00cdTIQUES DE SEGURETAT I LA SEVA PERCEPCI\u00d3 SOCIAL&nbsp;<\/strong><\/p>\n\n\n\n<p>8 de juny a les 18 h, al Museu de Badalona&nbsp;<\/p>\n\n\n\n<p>A la taula del debat hi ser\u00e0:&nbsp;<\/p>\n\n\n\n<p>Ricard Brotat i Jubert (Doctor en Dret. Professor associat del Departament de Ci\u00e8ncia Pol\u00edtica i Dret P\u00fablic de la UAB) i l\u2019expert Francesc Guill\u00e9n Lasierra (Doctor en Dret. Professor associat de criminologia a la UOC).&nbsp;<\/p>\n\n\n\n<p><strong>LA SOCIETAT DEL RISC: UN NOU MODEL DE RELACI\u00d3 &nbsp;<\/strong><\/p>\n\n\n\n<p>14 de juny a les 18 h, a la Sala d\u2019actes de l\u2019IES Eugeni d\u2019Ors&nbsp;<\/p>\n\n\n\n<p>\u00b7 Societat i seguretat: Qu\u00e8 \u00e9s la seguretat p\u00fablica?&nbsp;<\/p>\n\n\n\n<p>\u00b7 Dimensions de la seguretat p\u00fablica&nbsp;<\/p>\n\n\n\n<p>\u00b7 Corresponsabilitat i model en xarxa: diferents actors i governan\u00e7a&nbsp;<\/p>\n\n\n\n<p>\u00b7 Toler\u00e0ncia: al risc, a la diversitat, a all\u00f2 desconegut&nbsp;<\/p>\n\n\n\n<p>\u00b7 Perspectiva de g\u00e8nere&nbsp;<\/p>\n\n\n\n<p>\u00b7 Ciutadans diferents, territoris diferents, necessitats diferents&nbsp;<\/p>\n\n\n\n<p>\u00b7 Desigualtats socials i exclusi\u00f3: persones en risc&nbsp;<\/p>\n\n\n\n<p>\u00b7 Participaci\u00f3 ciutadana en la seguretat p\u00fablica (inversions i orientaci\u00f3)&nbsp;<\/p>\n\n\n\n<p>\u00b7 Seguretat comunit\u00e0ria: els barris&nbsp;<\/p>\n\n\n\n<p>A la taula del debat hi ser\u00e0:&nbsp;<\/p>\n\n\n\n<p>Artur Matamoros (Expert en relacions amb la comunitat. Mossos d\u2019Esquadra), Blas Ortu\u00f1o (Doctor. en Sociologia. Professor UB. Gu\u00e0rdia Urbana de Badalona), Roc\u00edo Mateos (Federaci\u00f3 de Dones de Badalona), Julio Molina (FAVB) i Marta L\u00f3pez, policia local i professora UB amb doctorat en \u201cPol\u00edticas dial\u00f3gicas en la seguridad p\u00fablica local\u201d.&nbsp;<\/p>\n\n\n\n<p><strong>CIBERSEGURETAT, H\u00c0BITS CIBERSALUDABLES PER A LA CIUTADANIA&nbsp;<\/strong><\/p>\n\n\n\n<p>22 de juny a les 18 h, a la Sala d\u2019Estudi del Centre Cultural El Carme&nbsp;<\/p>\n\n\n\n<p>A la taula del debat hi ser\u00e0: Tom\u00e0s Mor\u00e9 i Arqu\u00e9, del Programa Internet Segura, del Centre d\u2019Innovaci\u00f3 i Compet\u00e8ncia en Ciberseguretat.&nbsp;<\/p>\n\n\n\n<p><strong>Obertes a la participaci\u00f3&nbsp;<\/strong><\/p>\n\n\n\n<p>Totes tres jornades s\u00f3n obertes a la participaci\u00f3 de la ciutadania. No cal inscripci\u00f3 pr\u00e8via.&nbsp;<\/p>\n","protected":false},"excerpt":{"rendered":"<p>L\u2019Ajuntament de Badalona organitza les \u201cJornades de debat sobre prevenci\u00f3 i seguretat ciutadana\u201d que tindran lloc els pr\u00f2xims dies 8, 14 i 22 de juny. Les jornades, obertes a la participaci\u00f3 de la ciutadania, s\u00f3n fruit dels primers acords del Consell de Prevenci\u00f3 i Seguretat Ciutadana de Badalona, l\u2019\u00f2rgan consultiu de l\u2019Ajuntament que t\u00e9 la [&hellip;]<\/p>\n","protected":false},"author":2,"featured_media":3622,"comment_status":"open","ping_status":"open","sticky":false,"template":"","format":"standard","meta":{"footnotes":""},"categories":[23],"tags":[],"class_list":{"0":"post-3621","1":"post","2":"type-post","3":"status-publish","4":"format-standard","5":"has-post-thumbnail","7":"category-actualitat"},"_links":{"self":[{"href":"https:\/\/areabadalona.com\/diario\/wp-json\/wp\/v2\/posts\/3621","targetHints":{"allow":["GET"]}}],"collection":[{"href":"https:\/\/areabadalona.com\/diario\/wp-json\/wp\/v2\/posts"}],"about":[{"href":"https:\/\/areabadalona.com\/diario\/wp-json\/wp\/v2\/types\/post"}],"author":[{"embeddable":true,"href":"https:\/\/areabadalona.com\/diario\/wp-json\/wp\/v2\/users\/2"}],"replies":[{"embeddable":true,"href":"https:\/\/areabadalona.com\/diario\/wp-json\/wp\/v2\/comments?post=3621"}],"version-history":[{"count":1,"href":"https:\/\/areabadalona.com\/diario\/wp-json\/wp\/v2\/posts\/3621\/revisions"}],"predecessor-version":[{"id":3623,"href":"https:\/\/areabadalona.com\/diario\/wp-json\/wp\/v2\/posts\/3621\/revisions\/3623"}],"wp:featuredmedia":[{"embeddable":true,"href":"https:\/\/areabadalona.com\/diario\/wp-json\/wp\/v2\/media\/3622"}],"wp:attachment":[{"href":"https:\/\/areabadalona.com\/diario\/wp-json\/wp\/v2\/media?parent=3621"}],"wp:term":[{"taxonomy":"category","embeddable":true,"href":"https:\/\/areabadalona.com\/diario\/wp-json\/wp\/v2\/categories?post=3621"},{"taxonomy":"post_tag","embeddable":true,"href":"https:\/\/areabadalona.com\/diario\/wp-json\/wp\/v2\/tags?post=3621"}],"curies":[{"name":"wp","href":"https:\/\/api.w.org\/{rel}","templated":true}]}}