{"id":3618,"date":"2022-05-20T11:37:00","date_gmt":"2022-05-20T11:37:00","guid":{"rendered":"https:\/\/areabadalona.com\/diario\/?p=3618"},"modified":"2022-05-25T11:39:42","modified_gmt":"2022-05-25T11:39:42","slug":"badalona-rep-830-000-euros-dels-fons-next-generation-de-la-unio-europea","status":"publish","type":"post","link":"https:\/\/areabadalona.com\/diario\/2022\/05\/20\/badalona-rep-830-000-euros-dels-fons-next-generation-de-la-unio-europea\/","title":{"rendered":"Badalona rep 830.000 euros dels fons Next Generation de la Uni\u00f3  Europea\u00a0"},"content":{"rendered":"\n<p>Badalona rebr\u00e0 830.000 euros dels fons <em>Next Generation<\/em> per a projectes de modernitzaci\u00f3 i digitalitzaci\u00f3 en l\u2019\u00e0mbit de les administracions locals. L\u2019Ajuntament ha rebut el m\u00e0xim finan\u00e7ament al qual podia optar en la convocat\u00f2ria oberta el passat mes de novembre pel Ministeri de Pol\u00edtica Territorial del Govern espanyol en el marc del <em>Plan de Recuperaci\u00f3n, Transformaci\u00f3n y Resiliencia<\/em> i que rep el finan\u00e7ament de la Uni\u00f3 Europea.&nbsp;<\/p>\n\n\n\n<p>Dels quatre projectes presentats per l\u2019Ajuntament de Badalona, tres es destinen a accions directes per a la modernitzaci\u00f3 de l\u2019administraci\u00f3 municipal, un dels eixos principals dels ajuts. Un total de 628.000 euros finan\u00e7aran projectes de transformaci\u00f3 digital d\u2019atenci\u00f3 ciutadana, amb la implantaci\u00f3 de solucions tecnol\u00f2giques innovadores per a la millora del sistema d\u2019acc\u00e9s als serveis municipals, integrant els diferents canals de comunicaci\u00f3 i tenint en compte les persones amb especial vulnerabilitat respecte a la bretxa digital. Aix\u00ed mateix, s\u2019actualitzaran els models de treball en remot i la millora de la dotaci\u00f3 de serveis de digitalitzaci\u00f3 a la poblaci\u00f3 a trav\u00e9s d\u2019un nou programari de gesti\u00f3 del padr\u00f3 municipal d&#8217;habitants. Finalment, tamb\u00e9 rebr\u00e0 finan\u00e7ament el projecte de tallafocs i ciberseguretat per a la millora de les xarxes i dels sistemes d&#8217;informaci\u00f3 propis, amb una millor protecci\u00f3 de la informaci\u00f3 tractada i dels serveis digitals prestats. &nbsp;<\/p>\n\n\n\n<p>La resta dels fons rebuts, 201.000 euros, s\u2019han adjudicat al projecte pilot de p\u00e0rquing <em>smart <\/em>basat en la digitalitzaci\u00f3 i dades. En aquest sentit, l\u2019alcalde de Badalona, Rub\u00e9n Guijarro, ja va presentar el passat mes de novembre a la ministra de Pol\u00edtica Territorial, Isabel Rodr\u00edguez, el projecte que vol millorar la gesti\u00f3 de l\u2019aparcament de l\u2019estaci\u00f3 de Renfe i la millora de la mobilitat urbana. A trav\u00e9s del coneixement en temps real de l\u2019aforament, de l\u2019ocupaci\u00f3 de les platges, del tr\u00e0nsit, etc., i amb l\u2019\u00fas de c\u00e0meres, sensors, i aplicacions m\u00f2bils, es pret\u00e9n evitar despla\u00e7aments innecessaris i oferir alternatives m\u00e9s sostenibles de transport p\u00fablic.&nbsp;<\/p>\n\n\n\n<p>En conjunt es tracta de projectes i actuacions per a la modernitzaci\u00f3 de l\u2019atenci\u00f3 i les relacions entre la ciutadania i l\u2019administraci\u00f3 local, amb la utilitzaci\u00f3 de totes les noves tecnologies per apropar l\u2019administraci\u00f3 a la ciutadania i avan\u00e7ar en el tractament digital de les dades (Governan\u00e7a de les dades), impulsar la transpar\u00e8ncia i ajudar en la millora de la presa de decisions.&nbsp;<\/p>\n\n\n\n<p>L\u2019alcalde de Badalona, Rub\u00e9n Guijarro, ha subratllat que: \u201chem treballat per a obtenir aquests fons per a la digitalitzaci\u00f3 perqu\u00e8 la millora i la modernitzaci\u00f3 de l\u2019administraci\u00f3 municipal \u00e9s imprescindible per poder oferir al conjunt de la ciutadania uns serveis dignes del segle XXI\u201d.&nbsp;<\/p>\n\n\n\n<p>Els Fons europeus per a la transformaci\u00f3, recuperaci\u00f3 i modernitzaci\u00f3 de l\u2019economia, coneguts com a fons <em>Next Generation<\/em>, van n\u00e9ixer amb l\u2019objectiu de transformar els reptes derivats de la pand\u00e8mia en una oportunitat per impulsar la transici\u00f3 ecol\u00f2gica i la transformaci\u00f3 digital. &nbsp;<\/p>\n","protected":false},"excerpt":{"rendered":"<p>Badalona rebr\u00e0 830.000 euros dels fons Next Generation per a projectes de modernitzaci\u00f3 i digitalitzaci\u00f3 en l\u2019\u00e0mbit de les administracions locals. L\u2019Ajuntament ha rebut el m\u00e0xim finan\u00e7ament al qual podia optar en la convocat\u00f2ria oberta el passat mes de novembre pel Ministeri de Pol\u00edtica Territorial del Govern espanyol en el marc del Plan de Recuperaci\u00f3n, [&hellip;]<\/p>\n","protected":false},"author":2,"featured_media":3619,"comment_status":"open","ping_status":"open","sticky":false,"template":"","format":"standard","meta":{"footnotes":""},"categories":[23],"tags":[],"class_list":{"0":"post-3618","1":"post","2":"type-post","3":"status-publish","4":"format-standard","5":"has-post-thumbnail","7":"category-actualitat"},"_links":{"self":[{"href":"https:\/\/areabadalona.com\/diario\/wp-json\/wp\/v2\/posts\/3618","targetHints":{"allow":["GET"]}}],"collection":[{"href":"https:\/\/areabadalona.com\/diario\/wp-json\/wp\/v2\/posts"}],"about":[{"href":"https:\/\/areabadalona.com\/diario\/wp-json\/wp\/v2\/types\/post"}],"author":[{"embeddable":true,"href":"https:\/\/areabadalona.com\/diario\/wp-json\/wp\/v2\/users\/2"}],"replies":[{"embeddable":true,"href":"https:\/\/areabadalona.com\/diario\/wp-json\/wp\/v2\/comments?post=3618"}],"version-history":[{"count":1,"href":"https:\/\/areabadalona.com\/diario\/wp-json\/wp\/v2\/posts\/3618\/revisions"}],"predecessor-version":[{"id":3620,"href":"https:\/\/areabadalona.com\/diario\/wp-json\/wp\/v2\/posts\/3618\/revisions\/3620"}],"wp:featuredmedia":[{"embeddable":true,"href":"https:\/\/areabadalona.com\/diario\/wp-json\/wp\/v2\/media\/3619"}],"wp:attachment":[{"href":"https:\/\/areabadalona.com\/diario\/wp-json\/wp\/v2\/media?parent=3618"}],"wp:term":[{"taxonomy":"category","embeddable":true,"href":"https:\/\/areabadalona.com\/diario\/wp-json\/wp\/v2\/categories?post=3618"},{"taxonomy":"post_tag","embeddable":true,"href":"https:\/\/areabadalona.com\/diario\/wp-json\/wp\/v2\/tags?post=3618"}],"curies":[{"name":"wp","href":"https:\/\/api.w.org\/{rel}","templated":true}]}}