{"id":3431,"date":"2022-04-26T15:42:00","date_gmt":"2022-04-26T15:42:00","guid":{"rendered":"https:\/\/areabadalona.com\/diario\/?p=3431"},"modified":"2022-04-26T15:42:02","modified_gmt":"2022-04-26T15:42:02","slug":"comenca-la-instal%c2%b7lacio-dels-serveis-basics-i-de-les-guinguetes-per-deixar-a-punt-les-platges-de-badalona-per-a-la-nova-temporada-de-bany","status":"publish","type":"post","link":"https:\/\/areabadalona.com\/diario\/2022\/04\/26\/comenca-la-instal%c2%b7lacio-dels-serveis-basics-i-de-les-guinguetes-per-deixar-a-punt-les-platges-de-badalona-per-a-la-nova-temporada-de-bany\/","title":{"rendered":"Comen\u00e7a la  instal\u00b7laci\u00f3 dels serveis b\u00e0sics i de les guinguetes per deixar a punt les  platges de Badalona per a la nova temporada de bany\u00a0"},"content":{"rendered":"\n<p>Els treballs d\u2019adequaci\u00f3 i de preparaci\u00f3 dels serveis per deixar a punt les platges de Badalona per a la nova temporada de bany que realitzen l\u2019\u00c0rea Metropolitana de Barcelona (AMB) i l\u2019Ajuntament de Badalona es fan m\u00e9s visibles des d\u2019aquesta setmana. Aix\u00ed, entre les novetats d\u2019enguany, es troben els treballs de preparaci\u00f3 d\u2019un nou espai <em>Beach Workout<\/em>, una zona d&#8217;exercicis f\u00edsics a l&#8217;aire lliure, que s\u2019ha comen\u00e7at a instal\u00b7lar en la platja del Pont del Petroli.&nbsp;<\/p>\n\n\n\n<p>La superf\u00edcie que ocupar\u00e0 aquesta instal\u00b7laci\u00f3 \u00e9s d&#8217;uns 90 m<sup>2<\/sup>. L\u2019elecci\u00f3 d\u2019aquesta zona de platja, entre el pont del Petroli i el port de Badalona, est\u00e0 fonamentada en el fet que disposa d\u2019una amplada suficient per no entrar en conflicte amb la zona de bany i prou estable per no quedar afectada pels temporals. A m\u00e9s, est\u00e0 situada a tocar del passeig Mar\u00edtim per facilitar la seva utilitzaci\u00f3 per als usuaris i sense ocasionar mol\u00e8sties a la zona de banys. &nbsp;<\/p>\n\n\n\n<p>La regidora de l\u2019\u00c0rea de Medi Ambient i Sostenibilitat de l\u2019Ajuntament de Badalona, Rosa Trenado, ha valorat positivament aquesta nova instal\u00b7laci\u00f3: \u201cdiversifica els serveis existents a la platja i ofereix una nova oportunitat a tot el col\u00b7lectiu d&#8217;esportistes que es volen exercitar a l&#8217;aire lliure. A la platja del Pont d&#8217;en Botifarreta i a la de l&#8217;Estaci\u00f3 hi ha un espai similar, per\u00f2 no possibilita fer tota la s\u00e8rie d&#8217;exercicis completa. Aquests espais complementen les \u00e0rees de zones de jocs infantils\u201d.&nbsp;<\/p>\n\n\n\n<p><strong>Comen\u00e7a la instal\u00b7laci\u00f3 de les vuit guinguetes de platja<\/strong>&nbsp;<\/p>\n\n\n\n<p>Tamb\u00e9 han comen\u00e7at aquesta setmana les tasques d\u2019instal\u00b7laci\u00f3 de les vuit guinguetes de platja que tenen la concessi\u00f3 i que estaran situades a les mateixes ubicacions de l\u2019any anterior: platja de la Barca Maria, Cristall, Pont d\u2019en Botifarreta, dels Pescadors, del Petroli i del Coco i dues a la platja de l\u2019Estaci\u00f3.&nbsp;<\/p>\n","protected":false},"excerpt":{"rendered":"<p>Els treballs d\u2019adequaci\u00f3 i de preparaci\u00f3 dels serveis per deixar a punt les platges de Badalona per a la nova temporada de bany que realitzen l\u2019\u00c0rea Metropolitana de Barcelona (AMB) i l\u2019Ajuntament de Badalona es fan m\u00e9s visibles des d\u2019aquesta setmana. Aix\u00ed, entre les novetats d\u2019enguany, es troben els treballs de preparaci\u00f3 d\u2019un nou espai [&hellip;]<\/p>\n","protected":false},"author":2,"featured_media":3432,"comment_status":"open","ping_status":"open","sticky":false,"template":"","format":"standard","meta":{"footnotes":""},"categories":[23,24],"tags":[],"class_list":{"0":"post-3431","1":"post","2":"type-post","3":"status-publish","4":"format-standard","5":"has-post-thumbnail","7":"category-actualitat","8":"category-societat"},"_links":{"self":[{"href":"https:\/\/areabadalona.com\/diario\/wp-json\/wp\/v2\/posts\/3431","targetHints":{"allow":["GET"]}}],"collection":[{"href":"https:\/\/areabadalona.com\/diario\/wp-json\/wp\/v2\/posts"}],"about":[{"href":"https:\/\/areabadalona.com\/diario\/wp-json\/wp\/v2\/types\/post"}],"author":[{"embeddable":true,"href":"https:\/\/areabadalona.com\/diario\/wp-json\/wp\/v2\/users\/2"}],"replies":[{"embeddable":true,"href":"https:\/\/areabadalona.com\/diario\/wp-json\/wp\/v2\/comments?post=3431"}],"version-history":[{"count":1,"href":"https:\/\/areabadalona.com\/diario\/wp-json\/wp\/v2\/posts\/3431\/revisions"}],"predecessor-version":[{"id":3433,"href":"https:\/\/areabadalona.com\/diario\/wp-json\/wp\/v2\/posts\/3431\/revisions\/3433"}],"wp:featuredmedia":[{"embeddable":true,"href":"https:\/\/areabadalona.com\/diario\/wp-json\/wp\/v2\/media\/3432"}],"wp:attachment":[{"href":"https:\/\/areabadalona.com\/diario\/wp-json\/wp\/v2\/media?parent=3431"}],"wp:term":[{"taxonomy":"category","embeddable":true,"href":"https:\/\/areabadalona.com\/diario\/wp-json\/wp\/v2\/categories?post=3431"},{"taxonomy":"post_tag","embeddable":true,"href":"https:\/\/areabadalona.com\/diario\/wp-json\/wp\/v2\/tags?post=3431"}],"curies":[{"name":"wp","href":"https:\/\/api.w.org\/{rel}","templated":true}]}}