{"id":3428,"date":"2022-04-26T15:38:56","date_gmt":"2022-04-26T15:38:56","guid":{"rendered":"https:\/\/areabadalona.com\/diario\/?p=3428"},"modified":"2022-04-26T15:38:57","modified_gmt":"2022-04-26T15:38:57","slug":"torna-la-magna-celebratio-el-festival-roma-de-badalona-que-en-aquesta-edicio-te-com-a-protagonista-la-indumentaria-dels-romans","status":"publish","type":"post","link":"https:\/\/areabadalona.com\/diario\/2022\/04\/26\/torna-la-magna-celebratio-el-festival-roma-de-badalona-que-en-aquesta-edicio-te-com-a-protagonista-la-indumentaria-dels-romans\/","title":{"rendered":"Torna la Magna Celebratio, el festival rom\u00e0 de Badalona,  que en aquesta edici\u00f3 t\u00e9 com a protagonista la indument\u00e0ria dels romans\u00a0"},"content":{"rendered":"\n<p>Badalona acull, del 28 d\u2019abril a l\u20191 de maig, la 17a edici\u00f3 del festival rom\u00e0, la <em>Magna Celebratio. <\/em>Com cada any el Museu de Badalona comen\u00e7a el festival amb un programa de confer\u00e8ncies sobre la hist\u00f2ria de la indument\u00e0ria cl\u00e0ssica. Durant el cap de setmana les places properes al museu s\u2019ompliran amb espectacles, demostracions i recreacions de reconstrucci\u00f3 hist\u00f2rica, activitats i tallers per a tots els p\u00fablics per acostar-los a la vida quotidiana dels avantpassats romans de Baetulo, la Badalona de fa m\u00e9s de 2.000 anys.&nbsp;<\/p>\n\n\n\n<p>En l\u2019edici\u00f3 d\u2019aquest any el protagonisme recaur\u00e0 en la indument\u00e0ria dels romans que es podr\u00e0 veure tant a trav\u00e9s de les deferents activitats com de l\u2019exposici\u00f3 \u201cRetalls de moda a Baetulo\u201d que es podr\u00e0 visitar, de forma gratu\u00efta, a la sala d\u2019exposicions temporals de la planta baixa del Museu de Badalona (pla\u00e7a de l\u2019Assemblea de Catalunya, 1), des d\u2019aquest dijous, 28 d\u2019abril, fins diumenge 29 de maig.&nbsp;<\/p>\n\n\n\n<p>Podeu consultar el programa d\u2019activitats de la <em>Magna Celebratio<\/em> 2022 a: <a href=\"http:\/\/www.magnacelebratio.cat\">www.magnacelebratio.cat<\/a>&nbsp;<\/p>\n\n\n\n<p>Aquest programa es podr\u00e0 modificar en funci\u00f3 del nombre de persones inscrites a cada activitat per q\u00fcestions sanit\u00e0ries, meteorol\u00f2giques o organitzatives.&nbsp;<\/p>\n","protected":false},"excerpt":{"rendered":"<p>Badalona acull, del 28 d\u2019abril a l\u20191 de maig, la 17a edici\u00f3 del festival rom\u00e0, la Magna Celebratio. Com cada any el Museu de Badalona comen\u00e7a el festival amb un programa de confer\u00e8ncies sobre la hist\u00f2ria de la indument\u00e0ria cl\u00e0ssica. Durant el cap de setmana les places properes al museu s\u2019ompliran amb espectacles, demostracions i [&hellip;]<\/p>\n","protected":false},"author":2,"featured_media":3429,"comment_status":"open","ping_status":"open","sticky":false,"template":"","format":"standard","meta":{"footnotes":""},"categories":[25],"tags":[],"class_list":{"0":"post-3428","1":"post","2":"type-post","3":"status-publish","4":"format-standard","5":"has-post-thumbnail","7":"category-cultura"},"_links":{"self":[{"href":"https:\/\/areabadalona.com\/diario\/wp-json\/wp\/v2\/posts\/3428","targetHints":{"allow":["GET"]}}],"collection":[{"href":"https:\/\/areabadalona.com\/diario\/wp-json\/wp\/v2\/posts"}],"about":[{"href":"https:\/\/areabadalona.com\/diario\/wp-json\/wp\/v2\/types\/post"}],"author":[{"embeddable":true,"href":"https:\/\/areabadalona.com\/diario\/wp-json\/wp\/v2\/users\/2"}],"replies":[{"embeddable":true,"href":"https:\/\/areabadalona.com\/diario\/wp-json\/wp\/v2\/comments?post=3428"}],"version-history":[{"count":1,"href":"https:\/\/areabadalona.com\/diario\/wp-json\/wp\/v2\/posts\/3428\/revisions"}],"predecessor-version":[{"id":3430,"href":"https:\/\/areabadalona.com\/diario\/wp-json\/wp\/v2\/posts\/3428\/revisions\/3430"}],"wp:featuredmedia":[{"embeddable":true,"href":"https:\/\/areabadalona.com\/diario\/wp-json\/wp\/v2\/media\/3429"}],"wp:attachment":[{"href":"https:\/\/areabadalona.com\/diario\/wp-json\/wp\/v2\/media?parent=3428"}],"wp:term":[{"taxonomy":"category","embeddable":true,"href":"https:\/\/areabadalona.com\/diario\/wp-json\/wp\/v2\/categories?post=3428"},{"taxonomy":"post_tag","embeddable":true,"href":"https:\/\/areabadalona.com\/diario\/wp-json\/wp\/v2\/tags?post=3428"}],"curies":[{"name":"wp","href":"https:\/\/api.w.org\/{rel}","templated":true}]}}