{"id":3419,"date":"2022-04-26T09:21:00","date_gmt":"2022-04-26T09:21:00","guid":{"rendered":"https:\/\/areabadalona.com\/diario\/?p=3419"},"modified":"2022-04-26T15:22:03","modified_gmt":"2022-04-26T15:22:03","slug":"el-primer-tinent-dalcaldia-alex-montornes-demana-la-retirada-de-les-vies-del-tren-de-la-primera-linia-de-la-costa-i-la-implementacio-de-mesures-a-llarg-termini-per-protegir-el-litoral-bad","status":"publish","type":"post","link":"https:\/\/areabadalona.com\/diario\/2022\/04\/26\/el-primer-tinent-dalcaldia-alex-montornes-demana-la-retirada-de-les-vies-del-tren-de-la-primera-linia-de-la-costa-i-la-implementacio-de-mesures-a-llarg-termini-per-protegir-el-litoral-bad\/","title":{"rendered":"El primer tinent d\u2019alcaldia, \u00c0lex Montorn\u00e8s, demana la retirada de  les vies del tren de la primera l\u00ednia de la costa i la implementaci\u00f3 de mesures  a llarg termini per protegir el litoral badalon\u00ed\u00a0"},"content":{"rendered":"\n<p>El primer tinent d\u2019Alcaldia i regidor de l\u2019\u00c0mbit d\u2019Impuls de Ciutat i Reconstrucci\u00f3 COVID de l\u2019Ajuntament de Badalona, \u00c0lex Montorn\u00e8s, ha reclamat quan falten poques setmanes per al comen\u00e7ament de la temporada de platges que \u201cGeneralitat i Estat actu\u00efn de manera urgent per recuperar part de la sorra perduda durant els darrers temporals i que ha fet retrocedir o desapar\u00e8ixer diferents trams de les platges de la ciutat\u201d. Montorn\u00e8s ha demanat aquesta soluci\u00f3 urgent, per\u00f2 tamb\u00e9 actuacions a mitj\u00e0 i llarg termini que \u201cpassen, entre altres factors, per la retirada de primera l\u00ednia de la costa de les vies del ferrocarril i el seu trasllat per l\u2019interior de la ciutat\u201d.&nbsp;<\/p>\n\n\n\n<p>El primer tinent d\u2019Alcaldia s\u2019ha reunit aquest dilluns 25 d\u2019abril amb els responsables de l\u2019Hotel Miramar, situat a la Rambla de Badalona davant la platja i amb m\u00e9s de 75 anys d\u2019hist\u00f2ria, dins de les trobades habituals amb el sector tur\u00edstic per con\u00e8ixer les seves inquietuds i necessitats i impulsar plans i actuacions que accelerin la seva recuperaci\u00f3 despr\u00e9s de la pand\u00e8mia de la Covid-19. &nbsp;<\/p>\n\n\n\n<p>\u00c0lex Montorn\u00e8s ha remarcat que \u201cdes de l\u2019Ajuntament no apostem per un turisme nom\u00e9s de platja i treballem per potenciar altres valors culturals i naturals com el Museu de Badalona o la Serralada de Marina\u201d, per\u00f2, ha afegit, \u201c\u00e9s evident que la p\u00e8rdua de sorra i les conseq\u00fc\u00e8ncies dels temporals a les platges i a la fa\u00e7ana litoral \u00e9s una de les preocupacions m\u00e9s importants perqu\u00e8 afecta un dels atractius m\u00e9s valorats de la ciutat de Badalona, tant pels mateixos badalonins i badalonines com pels visitants\u201d.&nbsp;<\/p>\n\n\n\n<p>El primer tinent d\u2019alcaldia ha reclamat \u201cceleritat\u201d i que s\u2019actu\u00ef \u201cen totes aquelles solucions que exposin els experts per evitar de manera natural la regressi\u00f3 de les platges\u201d. En aquest sentit, ha demanat de \u201cfer un front com\u00fa amb els municipis del Maresme, i si cal amb el lideratge de Badalona, per aconseguir a llarg termini la retirada de les vies del tren de la primera l\u00ednia de la costa i recuperar aquest espai i consolidar un litoral m\u00e9s lliure de barreres\u201d.&nbsp;<\/p>\n","protected":false},"excerpt":{"rendered":"<p>El primer tinent d\u2019Alcaldia i regidor de l\u2019\u00c0mbit d\u2019Impuls de Ciutat i Reconstrucci\u00f3 COVID de l\u2019Ajuntament de Badalona, \u00c0lex Montorn\u00e8s, ha reclamat quan falten poques setmanes per al comen\u00e7ament de la temporada de platges que \u201cGeneralitat i Estat actu\u00efn de manera urgent per recuperar part de la sorra perduda durant els darrers temporals i que [&hellip;]<\/p>\n","protected":false},"author":2,"featured_media":3420,"comment_status":"open","ping_status":"open","sticky":false,"template":"","format":"standard","meta":{"footnotes":""},"categories":[23],"tags":[],"class_list":{"0":"post-3419","1":"post","2":"type-post","3":"status-publish","4":"format-standard","5":"has-post-thumbnail","7":"category-actualitat"},"_links":{"self":[{"href":"https:\/\/areabadalona.com\/diario\/wp-json\/wp\/v2\/posts\/3419","targetHints":{"allow":["GET"]}}],"collection":[{"href":"https:\/\/areabadalona.com\/diario\/wp-json\/wp\/v2\/posts"}],"about":[{"href":"https:\/\/areabadalona.com\/diario\/wp-json\/wp\/v2\/types\/post"}],"author":[{"embeddable":true,"href":"https:\/\/areabadalona.com\/diario\/wp-json\/wp\/v2\/users\/2"}],"replies":[{"embeddable":true,"href":"https:\/\/areabadalona.com\/diario\/wp-json\/wp\/v2\/comments?post=3419"}],"version-history":[{"count":1,"href":"https:\/\/areabadalona.com\/diario\/wp-json\/wp\/v2\/posts\/3419\/revisions"}],"predecessor-version":[{"id":3421,"href":"https:\/\/areabadalona.com\/diario\/wp-json\/wp\/v2\/posts\/3419\/revisions\/3421"}],"wp:featuredmedia":[{"embeddable":true,"href":"https:\/\/areabadalona.com\/diario\/wp-json\/wp\/v2\/media\/3420"}],"wp:attachment":[{"href":"https:\/\/areabadalona.com\/diario\/wp-json\/wp\/v2\/media?parent=3419"}],"wp:term":[{"taxonomy":"category","embeddable":true,"href":"https:\/\/areabadalona.com\/diario\/wp-json\/wp\/v2\/categories?post=3419"},{"taxonomy":"post_tag","embeddable":true,"href":"https:\/\/areabadalona.com\/diario\/wp-json\/wp\/v2\/tags?post=3419"}],"curies":[{"name":"wp","href":"https:\/\/api.w.org\/{rel}","templated":true}]}}