{"id":3416,"date":"2022-04-25T18:26:29","date_gmt":"2022-04-25T18:26:29","guid":{"rendered":"https:\/\/areabadalona.com\/diario\/?p=3416"},"modified":"2022-04-25T18:26:30","modified_gmt":"2022-04-25T18:26:30","slug":"badalona-celebra-les-festes-de-maig-amb-un-programa-ple-dactivitats-per-tornar-a-omplir-els-carrers","status":"publish","type":"post","link":"https:\/\/areabadalona.com\/diario\/2022\/04\/25\/badalona-celebra-les-festes-de-maig-amb-un-programa-ple-dactivitats-per-tornar-a-omplir-els-carrers\/","title":{"rendered":"Badalona celebra les Festes de Maig amb un programa ple  d\u2019activitats per tornar a omplir els carrers\u00a0"},"content":{"rendered":"\n<p>Aquest dilluns a la tarda s\u2019ha presentat el programa de les Festes de Maig de Badalona, que enguany, despr\u00e9s de dos anys de pand\u00e8mia que han impedit celebrar-les amb normalitat, tornaran a convertir els carrers de la ciutat en un immens escenari ple d\u2019actes festius tradicionals, musicals, teatrals, culturals i esportius per al gaudi de la ciutadania. Entre les activitats m\u00e9s destacades del programa de festes, com sempre, destaca el piromusical i la tradicional Cremada del Dimoni.&nbsp;<\/p>\n\n\n\n<p><strong>Tom\u00e0s Molina, pregoner d\u2019enguany<\/strong>&nbsp;<\/p>\n\n\n\n<p>Divendres 6 de maig a les 19 hores, el badalon\u00ed Tom\u00e0s Molina, popular presentador i cap de meteorologia de Televisi\u00f3 de Catalunya, ser\u00e0 l\u2019encarregat de llegir el preg\u00f3 que iniciar\u00e0 les festes des del balc\u00f3 de la Casa de la Vila. L\u2019acte comptar\u00e0 amb un int\u00e8rpret de llenguatge de signes per a persones amb discapacitat auditiva i es podr\u00e0 seguir en directe a trav\u00e9s de R\u00e0dio Ciutat de Badalona i Televisi\u00f3 de Badalona.&nbsp; &nbsp;<\/p>\n\n\n\n<p>Tom\u00e0s Molina \u00e9s llicenciat en F\u00edsica, professor associat de la Universitat de Barcelona i un reconegut divulgador televisiu, on ha dirigit diversos reportatges sobre el canvi clim\u00e0tic i riscos ambientals. Durant la seva carrera, tamb\u00e9 ha publicat llibres relacionats amb la meteorologia. En l\u2019\u00e0mbit internacional, Molina ha estat fundador i president en diverses ocasions de l\u2019Associaci\u00f3 Internacional de Meteor\u00f2legs als Mitjans de Comunicaci\u00f3. &nbsp;<\/p>\n\n\n\n<p>Despr\u00e9s del Preg\u00f3, a les 20 hores, tamb\u00e9 a la pla\u00e7a de la Vila, actuar\u00e0 <strong>Las Karamba<\/strong>, un grup de dones que representa un c\u00f2ctel de cultures de diversos pa\u00efsos i que fusiona diferents estils musicals amb l\u2019objectiu de projectar continguts que cre\u00efn consci\u00e8ncia, que impulsin noves generacions i, a la vegada, que puguin contagiar alegria i il\u00b7lusi\u00f3 a tot el p\u00fablic. La primera jornada de les Festes de Maig es tancar\u00e0 amb la Nit del Mono, organitzada per la Comissi\u00f3 de Festes de Badalona. &nbsp;<\/p>\n\n\n\n<p><strong>Arts Arn\u00fas i primers concerts al passeig Mar\u00edtim&nbsp;<\/strong><\/p>\n\n\n\n<p>El Parc de Can Solei i de Ca l\u2019Arn\u00fas ser\u00e0 escenari dissabte 7 i diumenge 8 de maig de l\u2019Arts Arn\u00fas, una programaci\u00f3 d\u2019actuacions adre\u00e7ades a tots els p\u00fablics que inclou una acurada selecci\u00f3 de les novetats musicals badalonines: <strong>Mar Serra Grup<\/strong>, <strong>Jero Guitar i Josep Traver &amp; Mart\u00ed Serra<\/strong>; i dues destacades propostes nacionals: <strong>El Petit de Cal Eril i Ginest\u00e0<\/strong>.&nbsp;<\/p>\n\n\n\n<p>Dissabte 7 de maig el passeig Mar\u00edtim de Badalona acollir\u00e0 la primera gran nit de concerts de festes. La jornada comen\u00e7ar\u00e0 a les 21 hores amb l\u2019actuaci\u00f3 d\u2019<strong>El \u00daltimo Mono, <\/strong>un grup badalon\u00ed que va guanyar el concurs de m\u00fasica de Badalona de l\u2019any 2020 i que ofereix un pop-transgressiu amb influ\u00e8ncies de grups com Extremoduro o Led Zeppelin. Despr\u00e9s, a les 22 hores, els mataronins <strong>The Tyets<\/strong> continuaran animant la festa amb la seva proposta de m\u00fasica urbana, una barreja de trap, reggaeton i ritmes llatins amb lletres que relaten escenes quotidianes. El popular grup <strong>Manel<\/strong> s\u2019encarregar\u00e0 de tancar la nit del dissabte amb un concert on barrejar\u00e0 temes del seu cinqu\u00e8 treball, <em>Per la bona gent<\/em>, amb altres \u00e8xits de la seva consolidada traject\u00f2ria, en la que han creat can\u00e7ons que combinen el pop contemporani, la tradici\u00f3 o l\u2019electr\u00f2nica mantenint sempre una mateixa ess\u00e8ncia. &nbsp;<\/p>\n\n\n\n<p><strong>Nit de Sant Anastasi &nbsp;<\/strong><\/p>\n\n\n\n<p>El vespre del 10 de maig, vig\u00edlia de Sant Anastasi, se celebra la Nit de Sant Anastasi, formada per un conjunt d&#8217;actes consecutius que precedeixen la Cremada del Dimoni. Comen\u00e7a a les 17 hores amb el repic de campanes des de l\u2019esgl\u00e9sia de Santa Maria. A les 19 hores, a la pla\u00e7a de la Vila, s\u2019inicia el Ball a pla\u00e7a, el Seguici de la Ciutat, l\u2019Acte Sacramental i el Ball de l\u2019\u00c0liga. Despr\u00e9s, a les 22 hores, a la Rambla, comen\u00e7ar\u00e0 el piromusical i la Cremada del Dimoni, l\u2019acte m\u00e9s representatiu i tradicional de les Festes de Maig. El disseny guanyador del Dimoni d\u2019aquest 2022 ha estat <em>Dimoni \u2018Amunt la llum!\u2019, <\/em>un figura que representa la cobd\u00edcia i la relaciona amb la pujada del preu de la llum i que ha estat creada per la jove badalonina Montserrat Silvestre. El dimoni estar\u00e0 plantat a la platja dels Pescadors des del diumenge 1 de maig, on tamb\u00e9 s\u2019instal\u00b7lar\u00e0 l\u2019estand dimoniaire, un espai d\u2019informaci\u00f3 sobre el Dimoni i les Festes de Maig. A partir del dilluns 2 de maig els ve\u00efns podran deixar els seus dimoniets al costat de la figura del Dimoni entre les 9 i les 21 hores. &nbsp;<\/p>\n\n\n\n<p>La vig\u00edlia de Sant Anastasi, copatr\u00f3 de Badalona, es tancar\u00e0 a partir de les 23 hores al passeig Mar\u00edtim amb les actuacions de <strong>Naia Gonz\u00e0lez<\/strong>, jove cantautora pop de 16 anys i guanyadora del XXIII Concurs de M\u00fasica de Badalona; <strong>Fangoria<\/strong> l\u2019aclamada banda de m\u00fasica electr\u00f2nica formada el 1989 per Alaska i Nacho Canut; i <strong>Roba Estesa, <\/strong>un grup de m\u00fasica festiva i combativa nascut a Tarragona, que presenta el seu tercer disc <em>Rosa Permanent<\/em>, on es reivindiquen les contradiccions que ocupen di\u00e0riament la gent jove. &nbsp;<\/p>\n\n\n\n<p><strong>M\u00e9s propostes art\u00edstiques&nbsp;<\/strong><\/p>\n\n\n\n<p>Durant les Festes de Maig d\u2019aquest any, a m\u00e9s dels grans concerts de Festes i de les propostes de l\u2019Arts Arn\u00fas, la ciutadania podr\u00e0 gaudir dijous 12 de maig a la pla\u00e7a Constituci\u00f3, del <strong>Rac\u00f3 \u00cdntim<\/strong>, un espai per a la lliure expressi\u00f3 art\u00edstica. Posteriorment, en el mateix indret actuaran el cantautor <strong>Socunbohemio <\/strong>i la cantant, autora, lletrista i compositora <strong>Raquel L\u00faa<\/strong>. &nbsp;<\/p>\n\n\n\n<p>Com a novetat d\u2019aquest de les festes d\u2019enguany, els dies 13 i 14 de maig s\u2019ha programat <strong>L\u2019Aparador de l\u2019Escorxador<\/strong>, una selecci\u00f3 de propostes art\u00edstiques genu\u00efnament badalonines que vol ser una mostra d\u2019all\u00f2 m\u00e9s interessant i innovador que es fa a la ciutat en aquest \u00e0mbit. La primera proposta que tindr\u00e0 lloc al parc de l\u2019Escorxador \u00e9s <strong>Thriller \u2013 40\u00e8 Aniversari<\/strong>, un espectacle fet per l\u2019Escola de M\u00fasica de Badalona per retre homenatge al disc <em>Thriller<\/em> de Michael Jackson, que enguany fa quaranta anys que es va publicar. La programaci\u00f3 de l\u2019Aparador de l\u2019Escorxador es completa amb les actuacions dissabte de <strong>Mart\u00ed Ruiz<\/strong> i del duet <strong>Ismael Due\u00f1as &amp; Abril. <\/strong>La darrera nit musical de les Festes de Maig es far\u00e0 dissabte 14 a la platja dels Pescadors, on actuar\u00e0 el grup <strong>El Pony Pisador<\/strong>.<\/p>\n\n\n\n<p><strong>Tradici\u00f3 i cultura popular&nbsp;<\/strong><\/p>\n\n\n\n<p>Com cada any, les Festes de Maig 2022 estaran farcides d\u2019actes tradicionals i de cultura popular. Dissabte 7 de maig al mat\u00ed se celebrar\u00e0 la Trobada de Puntaires i la Cercavila Petita, i a la tarda, la jornada de Badagegants, amb la pres\u00e8ncia dels gegants de la ciutat i d\u2019altres municipis del voltant. El mateix dissabte es far\u00e0 la Batocona, una diada dedicada a la percussi\u00f3 que ret homenatge una part important de la banda sonora de la cultura catalana i de la gent que la fa possible. A m\u00e9s, diumenge 8 la ciutadania podr\u00e0 gaudir de la Fira d\u2019Artesania i Mostra d\u2019Entitats de Sant Roc, la Festa del Badiu, la representaci\u00f3 dels Miquelets de Badalona i la Mostra de Dansa.&nbsp; &nbsp;<\/p>\n\n\n\n<p>La tradici\u00f3 ser\u00e0 la protagonista de la festivitat de Sant Anastasi, dimecres 11 de maig. La jornada comen\u00e7ar\u00e0 amb les Matinades i continuar\u00e0 amb el Repic de Festa, l\u2019Anada a Ofici, el Repic de Campanes, l\u2019Ofici Solemne i la Tornada d\u2019Ofici. A la tarda tindr\u00e0 lloc el Ball del Bar\u00f3 de Mald\u00e0, la Baixada del Sant i la Passada de Sant Anastasi. El dia es tancar\u00e0 amb el Cant dels Goigs. El mateix dia se celebrar\u00e0 un dinar popular a la pla\u00e7a de la Plana i la tradicional ballada de sardanes a la pla\u00e7a de la Vila. &nbsp;<\/p>\n\n\n\n<p>El foc, com a element central de les Festes de Maig, agafar\u00e0 el protagonisme dissabte 14 de maig amb la celebraci\u00f3 del Cercabestia, que inclou l\u2019activitat&nbsp; On s\u00f3n els Dragolins?, la Plantada de les B\u00e8sties i el Correfoc Infantil. El punt final de la celebraci\u00f3 s\u2019iniciar\u00e0 a les 22 hores amb el tradicional Correfoc, que comen\u00e7a a la pla\u00e7a de la Vila i passa pels carrers de Francesc Layret, de la Riera de Matamoros, de Madoz, d\u2019en Prim i el passeig de la Rambla (fins arribar al monument a Roca i Pi). &nbsp;<\/p>\n\n\n\n<p>Diumenge 15 al mat\u00ed es celebrar\u00e0 la tradicional Diada Castellera, amb l\u2019actuaci\u00f3 a la pla\u00e7a de la Vila dels Castellers de Badalona, la Colla Castellera Sant Pere i Santa Pau i la Colla Castellera Jove de Barcelona.&nbsp; &nbsp;<\/p>\n\n\n\n<p>Altres propostes destacades de les Festes de Maig de 2022 s\u00f3n el Maig en Dansa, organitzat per l\u2019Esbart Sant Jordi de l\u2019Orfe\u00f3 Badalon\u00ed, que tindr\u00e0 lloc diumenge 22 de maig a la pla\u00e7a de Joaquim Font i Cuss\u00f3; i la Festa a Baix a Mar, que es celebrar\u00e0 diumenge 28 a la platja dels Pescadors. En aquesta jornada festiva organitzada per l\u2019Associaci\u00f3 de Ve\u00efns del Centre es podr\u00e0 gaudir d\u2019un c\u00f2ctel mediterrani t\u00edpicament badalon\u00ed: bona companyia, sardines i rom cremat a la vora del mar.&nbsp;<\/p>\n\n\n\n<p><strong>Presentaci\u00f3 de les Festes de Maig&nbsp;<\/strong><\/p>\n\n\n\n<p>La presentaci\u00f3 de les Festes de Maig s\u2019ha celebrat aquest dilluns a la tarda al Centre Cultural El Carme en un acte que ha comptat amb la pres\u00e8ncia de l\u2019alcalde de Badalona, Rub\u00e9n Guijarro, i de la regidora de l\u2019\u00c0rea de Cultura, Anna Maria Lara. Tamb\u00e9 ha participat Txell Cots com a representant de la Comissi\u00f3 de Festes. &nbsp;<\/p>\n\n\n\n<p>Durant l\u2019acte, l\u2019alcalde de Badalona ha remarcat que \u201cdespr\u00e9s de dos anys de pand\u00e8mia que ens han impedit gaudir plenament de les Festes de Maig, enguany tenim un programa molt complet, equilibrat i ple de detalls que far\u00e0 que aquestes siguin unes festes inoblidables\u201d. Guijarro ha assegurat que \u201cBadalona \u00e9s una referent en la cultura tradicional i popular i ens hem de sentir molt orgullosos i orgulloses de la participaci\u00f3 ciutadana que fa possible oferir aquesta programaci\u00f3 diversa, acolorida i alegre que afavoreix la recuperaci\u00f3 de la il\u00b7lusi\u00f3 per la nostra ciutat\u201d. &nbsp;<\/p>\n\n\n\n<p>Per la seva banda, la regidora de Cultura, Anna Maria Lara, ha destacat \u201cla gran qualitat del programa musical d\u2019enguany, que a banda de ser excel\u00b7lent, contempla diversos estils, assegura la pres\u00e8ncia de dones en l\u2019escenari i potencia els artistes de la nostra ciutat\u201d. La regidora tamb\u00e9 ha agra\u00eft \u201cla participaci\u00f3 de totes les entitats, i concretament, les de cultura tradicional i popular, ja que sense la seva tasca desinteressada i incansable les Festes de Maig no serien possibles\u201d.&nbsp;<\/p>\n\n\n\n<p>En el transcurs de l&#8217;acte s&#8217;ha presentat tamb\u00e9 el dossier <em>Sant Anastasi i el Dimoni<\/em>, el primer d&#8217;una col\u00b7lecci\u00f3 de dossiers amb una proposta pedag\u00f2gica dirigida a educadors. Amb aquesta iniciativa es vol oferir una eina per poder transmetre la Festa com a patrimoni immaterial i llegat cultural, i m\u00e9s concretament per aprendre sobre les Festes de Maig des de l&#8217;escola, i tamb\u00e9 des de l\u2019\u00e0mbit de l\u2019educaci\u00f3 no reglada, des de l\u2019\u00e0mbit familiar i del privat.&nbsp;<\/p>\n\n\n\n<p>El dossier estar\u00e0 disponible en versi\u00f3 digital al web de l\u2019Ajuntament de Badalona, i a m\u00e9s es podr\u00e0 adquirir f\u00edsicament en el Museu de Badalona. Es tracta d\u2019un treball del Servei de Cultura i Xitxarra, Grup d\u2019Estudis de la Festa, en col\u00b7laboraci\u00f3 amb el departament d\u2019Educaci\u00f3 i el Museu de Badalona. Per a la seva presentaci\u00f3 s&#8217;ha comptat amb Marc Abril, en representaci\u00f3 d\u2019Estudis de la Festa i autor de part dels textos, i Paloma Herrero, educadora i presidenta de Diables Badalona, que \u00e9s qui ha coordinat la part pedag\u00f2gica.&nbsp;<\/p>\n","protected":false},"excerpt":{"rendered":"<p>Aquest dilluns a la tarda s\u2019ha presentat el programa de les Festes de Maig de Badalona, que enguany, despr\u00e9s de dos anys de pand\u00e8mia que han impedit celebrar-les amb normalitat, tornaran a convertir els carrers de la ciutat en un immens escenari ple d\u2019actes festius tradicionals, musicals, teatrals, culturals i esportius per al gaudi de [&hellip;]<\/p>\n","protected":false},"author":2,"featured_media":3417,"comment_status":"open","ping_status":"open","sticky":false,"template":"","format":"standard","meta":{"footnotes":""},"categories":[25],"tags":[],"class_list":{"0":"post-3416","1":"post","2":"type-post","3":"status-publish","4":"format-standard","5":"has-post-thumbnail","7":"category-cultura"},"_links":{"self":[{"href":"https:\/\/areabadalona.com\/diario\/wp-json\/wp\/v2\/posts\/3416","targetHints":{"allow":["GET"]}}],"collection":[{"href":"https:\/\/areabadalona.com\/diario\/wp-json\/wp\/v2\/posts"}],"about":[{"href":"https:\/\/areabadalona.com\/diario\/wp-json\/wp\/v2\/types\/post"}],"author":[{"embeddable":true,"href":"https:\/\/areabadalona.com\/diario\/wp-json\/wp\/v2\/users\/2"}],"replies":[{"embeddable":true,"href":"https:\/\/areabadalona.com\/diario\/wp-json\/wp\/v2\/comments?post=3416"}],"version-history":[{"count":1,"href":"https:\/\/areabadalona.com\/diario\/wp-json\/wp\/v2\/posts\/3416\/revisions"}],"predecessor-version":[{"id":3418,"href":"https:\/\/areabadalona.com\/diario\/wp-json\/wp\/v2\/posts\/3416\/revisions\/3418"}],"wp:featuredmedia":[{"embeddable":true,"href":"https:\/\/areabadalona.com\/diario\/wp-json\/wp\/v2\/media\/3417"}],"wp:attachment":[{"href":"https:\/\/areabadalona.com\/diario\/wp-json\/wp\/v2\/media?parent=3416"}],"wp:term":[{"taxonomy":"category","embeddable":true,"href":"https:\/\/areabadalona.com\/diario\/wp-json\/wp\/v2\/categories?post=3416"},{"taxonomy":"post_tag","embeddable":true,"href":"https:\/\/areabadalona.com\/diario\/wp-json\/wp\/v2\/tags?post=3416"}],"curies":[{"name":"wp","href":"https:\/\/api.w.org\/{rel}","templated":true}]}}