{"id":3413,"date":"2022-04-25T15:06:04","date_gmt":"2022-04-25T15:06:04","guid":{"rendered":"https:\/\/areabadalona.com\/diario\/?p=3413"},"modified":"2022-04-25T15:06:06","modified_gmt":"2022-04-25T15:06:06","slug":"el-cartell-de-la-48a-edicio-de-filmets-badalona-film-festival-es-obra-de-paula-b-redondo-alumna-de-lescola-dart-pau-gargallo-de-badalona","status":"publish","type":"post","link":"https:\/\/areabadalona.com\/diario\/2022\/04\/25\/el-cartell-de-la-48a-edicio-de-filmets-badalona-film-festival-es-obra-de-paula-b-redondo-alumna-de-lescola-dart-pau-gargallo-de-badalona\/","title":{"rendered":"El  cartell de la 48a edici\u00f3 de FILMETS Badalona Film Festival \u00e9s obra de Paula B.  Redondo, alumna de l\u2019Escola d\u2019Art Pau Gargallo de Badalona"},"content":{"rendered":"\n<p>El cartell de l\u2019edici\u00f3 d\u2019aquest any de FILMETS Badalona Film Festival es obra de la dissenyadora Paula B. Redondo, de 19 anys, il\u00b7lustradora que ha estudiat un Grau Superior d\u2019Il\u00b7lustraci\u00f3 a l\u2019Escola d\u2019Art Pau Gargallo de Badalona.<\/p>\n\n\n\n<p>Les diverses adaptacions del cartell, que seran la imatge de la 48<sup>a<\/sup> edici\u00f3 de FILMETS que es far\u00e0 del 21 al 30 d\u2019octubre, s\u00f3n diverses cares on es destaquen especialment els ulls, la qual cosa vol ser un homenatge al p\u00fablic i a l\u2019acte f\u00edsic de veure cinema.<\/p>\n\n\n\n<p>Paula B. Redondo ha explicat que ha volgut elaborar \u00abuns cartells que transmetessin la import\u00e0ncia de la visi\u00f3, aix\u00ed com fer un reconeixement als espectados que assisteixen al festival i que tenen ganes de veure els curtmetratges\u00bb. \u00abPer aix\u00f2, dins dels conceptes treballats en el meu cartell de FILMETS cal destacar tres elements: els ulls, el p\u00fablic i la identitat del festival FILMETS\u00bb, ha afegit Paula B. Redondo.<\/p>\n\n\n\n<p>Aquest cartell ser\u00e0 la imatge gr\u00e0fica de l\u2019edici\u00f3 de 2022 de FILMETS i es podr\u00e0 veure a les banderoles i en tots els suports comunicatius del festival de curtmetratges.<\/p>\n\n\n\n<p>Com cada any, els alumnes l\u2019Escola d\u2019Art Pau Gargallo de Badalona tenen la possibilitat de participar en un concurs per a la creaci\u00f3 del cartell del festival FILMETS. La tutora de Paula B. Redondo ha estat la professora Georgina Alc\u00e0cer.<\/p>\n","protected":false},"excerpt":{"rendered":"<p>El cartell de l\u2019edici\u00f3 d\u2019aquest any de FILMETS Badalona Film Festival es obra de la dissenyadora Paula B. Redondo, de 19 anys, il\u00b7lustradora que ha estudiat un Grau Superior d\u2019Il\u00b7lustraci\u00f3 a l\u2019Escola d\u2019Art Pau Gargallo de Badalona. Les diverses adaptacions del cartell, que seran la imatge de la 48a edici\u00f3 de FILMETS que es far\u00e0 [&hellip;]<\/p>\n","protected":false},"author":2,"featured_media":3414,"comment_status":"open","ping_status":"open","sticky":false,"template":"","format":"standard","meta":{"footnotes":""},"categories":[25],"tags":[],"class_list":{"0":"post-3413","1":"post","2":"type-post","3":"status-publish","4":"format-standard","5":"has-post-thumbnail","7":"category-cultura"},"_links":{"self":[{"href":"https:\/\/areabadalona.com\/diario\/wp-json\/wp\/v2\/posts\/3413","targetHints":{"allow":["GET"]}}],"collection":[{"href":"https:\/\/areabadalona.com\/diario\/wp-json\/wp\/v2\/posts"}],"about":[{"href":"https:\/\/areabadalona.com\/diario\/wp-json\/wp\/v2\/types\/post"}],"author":[{"embeddable":true,"href":"https:\/\/areabadalona.com\/diario\/wp-json\/wp\/v2\/users\/2"}],"replies":[{"embeddable":true,"href":"https:\/\/areabadalona.com\/diario\/wp-json\/wp\/v2\/comments?post=3413"}],"version-history":[{"count":1,"href":"https:\/\/areabadalona.com\/diario\/wp-json\/wp\/v2\/posts\/3413\/revisions"}],"predecessor-version":[{"id":3415,"href":"https:\/\/areabadalona.com\/diario\/wp-json\/wp\/v2\/posts\/3413\/revisions\/3415"}],"wp:featuredmedia":[{"embeddable":true,"href":"https:\/\/areabadalona.com\/diario\/wp-json\/wp\/v2\/media\/3414"}],"wp:attachment":[{"href":"https:\/\/areabadalona.com\/diario\/wp-json\/wp\/v2\/media?parent=3413"}],"wp:term":[{"taxonomy":"category","embeddable":true,"href":"https:\/\/areabadalona.com\/diario\/wp-json\/wp\/v2\/categories?post=3413"},{"taxonomy":"post_tag","embeddable":true,"href":"https:\/\/areabadalona.com\/diario\/wp-json\/wp\/v2\/tags?post=3413"}],"curies":[{"name":"wp","href":"https:\/\/api.w.org\/{rel}","templated":true}]}}