{"id":3410,"date":"2022-04-25T09:14:11","date_gmt":"2022-04-25T09:14:11","guid":{"rendered":"https:\/\/areabadalona.com\/diario\/?p=3410"},"modified":"2022-04-25T09:14:13","modified_gmt":"2022-04-25T09:14:13","slug":"avui-comenca-la-segona-edicio-de-la-mobile-week-badalona","status":"publish","type":"post","link":"https:\/\/areabadalona.com\/diario\/2022\/04\/25\/avui-comenca-la-segona-edicio-de-la-mobile-week-badalona\/","title":{"rendered":"Avui comen\u00e7a la segona edici\u00f3 de la Mobile Week Badalona\u00a0"},"content":{"rendered":"\n<p>Badalona acull des d\u2019avui dilluns 25 i fins al 30 d\u2019abril una nova edici\u00f3 de la Mobile Week Catalunya amb l\u2019objectiu d\u2019apropar la tecnologia i els nous reptes digitals a la ciutadania. El programa preveu prop d\u2019una trentena d\u2019activitats destinades al p\u00fablic general i a col\u00b7lectius determinats, com el de gent gran, estudiants o empresaris i emprenedors. Els drets i les responsabilitats digitals, el paper de l\u2019educaci\u00f3, la creativitat i els nous formats digitals, s\u00f3n algunes de les q\u00fcestions que centren aquesta edici\u00f3. &nbsp;<\/p>\n\n\n\n<p>La Mobile Week Catalunya \u00e9s una iniciativa de la Mobile World Capital i la Generalitat de Catalunya, que compta amb el suport de les administracions locals. Al llarg d\u2019aquest any seran 16 els municipis catalans que hi participen. La Mobile World Capital arriba a la seva 4a edici\u00f3 i \u00e9s la 2a amb la implicaci\u00f3 de Badalona.&nbsp;<\/p>\n\n\n\n<p>Entre les principals novetats de la programaci\u00f3 de la Mobile Week destaquen les activitats dutes a terme amb la col\u00b7laboraci\u00f3 de Marina Badalona i Badalona Comunicaci\u00f3, que s\u2019afegeixen al Badalona Centre Internacional de Negocis (BCIN) del pol\u00edgon de les Guixeres com a escenari de bona part de les confer\u00e8ncies i tallers.&nbsp;<\/p>\n\n\n\n<p>El programa es divideix en tres grans blocs tem\u00e0tics: Drets i responsabilitats digitals, Habilitats professionals digitals i Cultura, creativitat, entreteniment i nous formats digitals&nbsp;<\/p>\n\n\n\n<p>Totes les activitats, i les inscripcions, de la Mobile Week Badalona es poden consultar en la <a href=\"https:\/\/mweek.com\/ca\/esdeveniments\/llista\/?tribe_city%5B0%5D=827-839-846-852-858-867-998-1016-1043-1073\">p\u00e0gina web de l\u2019esdeveniment<\/a>. &nbsp;&nbsp;<\/p>\n\n\n\n<p>El primer tinent d\u2019alcaldia i regidor de l&#8217;\u00c0mbit d&#8217;Impuls de Ciutat i Reconstrucci\u00f3 COVID, \u00c0lex Montorn\u00e8s, destaca la voluntat de l\u2019Ajuntament perqu\u00e8 \u201cla Mobile Week tingui una repercussi\u00f3 sobre el territori i permeti fer arribar a tothom aquells temes sobre tecnologia que preocupen a la gent a trav\u00e9s de confer\u00e8ncies o espais de reflexi\u00f3 com els que s\u2019han organitzat des de Badalona\u201d.&nbsp;<\/p>\n\n\n\n<p>En aquesta segona edici\u00f3 amb la participaci\u00f3 de Badalona, la millora en la situaci\u00f3 sanit\u00e0ria ha perm\u00e8s, a difer\u00e8ncia de l\u2019any passat, que totes les activitats tornin a ser presencials amb un programa d\u2019activitats que t\u00e9 per objectiu situar la ciutat entre els municipis capdavanters que aposten per la innovaci\u00f3 i la tecnologia. &nbsp;<\/p>\n\n\n\n<p>Com a cloenda, i tamb\u00e9 com a novetat, el programa presenta un <em>Family Day<\/em> que tindr\u00e0 com a gran atractiu un <em>escape room<\/em> que es far\u00e0 a l\u2019Escola Josep Carner, amb reptes de tecnologia i de ci\u00e8ncia per als m\u00e9s petits.&nbsp;<\/p>\n","protected":false},"excerpt":{"rendered":"<p>Badalona acull des d\u2019avui dilluns 25 i fins al 30 d\u2019abril una nova edici\u00f3 de la Mobile Week Catalunya amb l\u2019objectiu d\u2019apropar la tecnologia i els nous reptes digitals a la ciutadania. El programa preveu prop d\u2019una trentena d\u2019activitats destinades al p\u00fablic general i a col\u00b7lectius determinats, com el de gent gran, estudiants o empresaris [&hellip;]<\/p>\n","protected":false},"author":2,"featured_media":3411,"comment_status":"open","ping_status":"open","sticky":false,"template":"","format":"standard","meta":{"footnotes":""},"categories":[23],"tags":[],"class_list":{"0":"post-3410","1":"post","2":"type-post","3":"status-publish","4":"format-standard","5":"has-post-thumbnail","7":"category-actualitat"},"_links":{"self":[{"href":"https:\/\/areabadalona.com\/diario\/wp-json\/wp\/v2\/posts\/3410","targetHints":{"allow":["GET"]}}],"collection":[{"href":"https:\/\/areabadalona.com\/diario\/wp-json\/wp\/v2\/posts"}],"about":[{"href":"https:\/\/areabadalona.com\/diario\/wp-json\/wp\/v2\/types\/post"}],"author":[{"embeddable":true,"href":"https:\/\/areabadalona.com\/diario\/wp-json\/wp\/v2\/users\/2"}],"replies":[{"embeddable":true,"href":"https:\/\/areabadalona.com\/diario\/wp-json\/wp\/v2\/comments?post=3410"}],"version-history":[{"count":1,"href":"https:\/\/areabadalona.com\/diario\/wp-json\/wp\/v2\/posts\/3410\/revisions"}],"predecessor-version":[{"id":3412,"href":"https:\/\/areabadalona.com\/diario\/wp-json\/wp\/v2\/posts\/3410\/revisions\/3412"}],"wp:featuredmedia":[{"embeddable":true,"href":"https:\/\/areabadalona.com\/diario\/wp-json\/wp\/v2\/media\/3411"}],"wp:attachment":[{"href":"https:\/\/areabadalona.com\/diario\/wp-json\/wp\/v2\/media?parent=3410"}],"wp:term":[{"taxonomy":"category","embeddable":true,"href":"https:\/\/areabadalona.com\/diario\/wp-json\/wp\/v2\/categories?post=3410"},{"taxonomy":"post_tag","embeddable":true,"href":"https:\/\/areabadalona.com\/diario\/wp-json\/wp\/v2\/tags?post=3410"}],"curies":[{"name":"wp","href":"https:\/\/api.w.org\/{rel}","templated":true}]}}