{"id":3407,"date":"2022-04-22T11:57:32","date_gmt":"2022-04-22T11:57:32","guid":{"rendered":"https:\/\/areabadalona.com\/diario\/?p=3407"},"modified":"2022-04-22T11:57:58","modified_gmt":"2022-04-22T11:57:58","slug":"lajuntament-de-badalona-i-la-upc-signen-un-acord-dintencions-per-crear-un-espai-de-coneixement-tecnologic-i-de-fabricacio-digital-a-lantiga-fabrica-de-la-caci","status":"publish","type":"post","link":"https:\/\/areabadalona.com\/diario\/2022\/04\/22\/lajuntament-de-badalona-i-la-upc-signen-un-acord-dintencions-per-crear-un-espai-de-coneixement-tecnologic-i-de-fabricacio-digital-a-lantiga-fabrica-de-la-caci\/","title":{"rendered":"L\u2019Ajuntament de Badalona i la UPC signen un acord d\u2019intencions per  crear un espai de coneixement tecnol\u00f2gic i de fabricaci\u00f3 digital, a l\u2019antiga  f\u00e0brica de la CACI\u00a0"},"content":{"rendered":"\n<p>L\u2019alcalde de Badalona, Rub\u00e9n Guijarro; el primer tinent d\u2019alcaldia i regidor de l\u2019\u00c0mbit d\u2019Impuls de Ciutat i Reconstrucci\u00f3 COVID, \u00c0lex Montorn\u00e8s; el rector de la UPC, Daniel Crespo, i el director general de la Fundaci\u00f3 CIM, Jos\u00e9 Mar\u00eda Cabrera, han signat avui un acord d\u2019intencions per convertir l\u2019espai de l\u2019antiga f\u00e0brica de la Compa\u00f1\u00eda Auxiliar del Comercio y la Industria (CACI), de Badalona, en un centre de coneixement cient\u00edfic i tecnol\u00f2gic orientat a l\u2019R+D+I en l\u2019\u00e0mbit de la Ind\u00fastria 4.0, la manufactura avan\u00e7ada i la fabricaci\u00f3 digital, incloent processos, materials, sostenibilitat i economia circular&nbsp;<\/p>\n\n\n\n<p>La fabricaci\u00f3 o manufactura avan\u00e7ada consisteix a fer servir coneixements i tecnologia innovadora per produir productes complexos i millorar els processos a fi de reduir els residus, la contaminaci\u00f3, el consum de materials i l&#8217;\u00fas d&#8217;energia. La rob\u00f2tica, la impressi\u00f3 3D i 4D, la intel\u00b7lig\u00e8ncia artificial i la computaci\u00f3 d&#8217;alt rendiment per a la modelitzaci\u00f3 i simulaci\u00f3 tamb\u00e9 s\u00f3n elements importants en la fabricaci\u00f3 avan\u00e7ada. Els dos reptes importants de la fabricaci\u00f3 avan\u00e7ada s\u00f3n: la digitalitzaci\u00f3 i el canvi cap a una producci\u00f3 m\u00e9s sostenible des del punt de vista mediambiental. Donar resposta a aquests reptes suposa crear un espai orientat a la transici\u00f3 industrial.&nbsp;<\/p>\n\n\n\n<p>El projecte per crear un centre de manufactura avan\u00e7ada est\u00e0 alineat amb l&#8217;origen de la CACI (ind\u00fastria manufacturera) i amb la necessitat de conservar i protegir l&#8217;arquitectura industrial de refer\u00e8ncia, com ja s&#8217;ha fet amb la rehabilitaci\u00f3 exterior d\u2019aquest edifici emblem\u00e0tic, que ara recobrar\u00e0 una nova vida convertint-se en un centre de recerca en Ind\u00fastria 4.0.&nbsp;<\/p>\n\n\n\n<p>La iniciativa es concep tamb\u00e9 com un espai de coneixement per a la ciutadania, que permetr\u00e0 comprendre aspectes clau de la societat transformada per la innovaci\u00f3 tecnol\u00f2gica, alhora que possibilitar\u00e0 experimentar-ho directament. Tanmateix, el projecte ajudar\u00e0 a disminuir l\u2019escletxa digital i, en conjunt, suposar\u00e0 una oportunitat d&#8217;aprenentatge per a la ciutadania. La proposta per a l\u2019espai CACI se sustenta, doncs, en tres eixos: R+D+I, fabricaci\u00f3 digital oberta a la ciutadania i recerca col\u00b7laborativa (<em>co-working<\/em>) i emprenedoria.&nbsp;<\/p>\n\n\n\n<p><strong>Recerca i innovaci\u00f3 tecnol\u00f2gica &nbsp;<\/strong><\/p>\n\n\n\n<p>Les activitats d\u2019R+D+I que es desenvoluparan a la CACI es focalitzaran en la manufactura avan\u00e7ada i, en particular, la manufactura additiva, recollint l&#8217;experi\u00e8ncia de la Fundaci\u00f3 CIM UPC, que hi tindr\u00e0 la seva seu, i incloent-hi els seus programes de formaci\u00f3 de m\u00e0sters i postgraus.&nbsp;<\/p>\n\n\n\n<p>Amb m\u00e9s de 30 anys d\u2019activitat, la Fundaci\u00f3 CIM \u00e9s un centre de recerca especialitzat en processos de manufactura avan\u00e7ats i moderns i a la transfer\u00e8ncia de coneixement en les \u00e0rees de manufactura, gesti\u00f3 de producci\u00f3 i Ind\u00fastria 4.0. Durant els \u00faltims anys ha esdevingut un centre referent en els processos de manufactura additiva (impressi\u00f3 3-D) fabricant i dissenyant impressores 3-D ajustades a les necessitats dels usuaris en les tecnologies de filament (FFD) i de Direct Ink Writing (pastes).&nbsp;<\/p>\n\n\n\n<p><strong>Fabricaci\u00f3 digital oberta a la ciutadania&nbsp;<\/strong><\/p>\n\n\n\n<p>En l\u2019espai obert a la ciutadania de la nova CACI es podr\u00e0 desenvolupar fabricaci\u00f3 digital i prototipatge, tant en l\u2019\u00e0mbit de la impressi\u00f3 3D, com del disseny d&#8217;equips electr\u00f2nics, la rob\u00f2tica i la programaci\u00f3 inform\u00e0tica (com ara Arduino, etc).&nbsp;<\/p>\n\n\n\n<p>Aix\u00ed mateix, s\u2019impulsaran altres activitats per connectar la ciutadania amb propostes tecnol\u00f2giques, i per proporcionar oportunitats de divulgaci\u00f3 cient\u00edfica i d\u2019aprenentatge al llarg de la vida:&nbsp;<\/p>\n\n\n\n<p>&#8211; Cursos de formaci\u00f3 continuada i ocupacionals oberts a la ciutadania en general i a estudiantat de batxillerat i de formaci\u00f3 professional.&nbsp;<\/p>\n\n\n\n<p>&#8211; Xerrades i tallers a l\u2019entorn de la ci\u00e8ncia i la tecnologia, tant obertes a la ciutadania, com per a col\u00b7lectius espec\u00edfics d\u2019inter\u00e8s, a partir de l\u2019an\u00e0lisi compartida amb l\u2019Ajuntament de Badalona o altres institucions. En particular, tindran especial rellev\u00e0ncia temes relacionats amb l\u2019escletxa digital i la desigualtat en l\u2019\u00e0mbit tecnol\u00f2gic, la tecnologia i la salut, la sostenibilitat i l\u2019economia circular, la tecnologia i el g\u00e8nere, la dom\u00f2tica i Internet de les coses, entre altres. En aquest sentit, es compta amb l\u2019\u00e0mplia experi\u00e8ncia de la UPC en el desenvolupament de continguts i iniciatives similars, i en particular de la col\u00b7laboraci\u00f3 del Campus Diagonal-Bes\u00f2s.&nbsp;<\/p>\n\n\n\n<p>&#8211; Tallers i activitats (puntuals o continuades) adre\u00e7ades a escoles i instituts, a partir de mat\u00e8ries estimulants i amb l\u2019objectiu de fomentar les vocacions tecnol\u00f2giques, entorn a la fabricaci\u00f3 digital i la impressi\u00f3 3D, la programaci\u00f3 inform\u00e0tica, la rob\u00f2tica, els videojocs, el disseny de p\u00e0gines web o altres&nbsp;<\/p>\n\n\n\n<p>&#8211; Espais espec\u00edfics (aules) equipats per a que makers i tecn\u00f2legs puguin idear i dissenyar projectes amb l\u2019ajut d\u2019eines de Design Thinking. Uns espais que tamb\u00e9 poden aprofitar els centres educatius per desenvolupar projectes i impulsar vocacions STEAM.&nbsp;<\/p>\n\n\n\n<p>&#8211; Visites guiades i dinamitzades per a grups organitzats que vulguin con\u00e8ixer l\u2019espai de la CACI i l\u2019activitat que s\u2019hi desenvolupa.&nbsp;<\/p>\n\n\n\n<p>&#8211; Exposicions divulgatives en l\u2019\u00e0rea cient\u00edfico-tecnol\u00f2gica vinculades als temes programats a les xerrades, i activitats obertes a la ciutadania, com tamb\u00e9 expressions art\u00edstiques amb un fort component tecnol\u00f2gic.&nbsp;<\/p>\n\n\n\n<p>&#8211; Altres activitats obertes a la ciutadania, o b\u00e9 adre\u00e7ades espec\u00edficament als centres educatius, que desenvolupin altres agents en l\u2019\u00e0mbit cient\u00edfico-tecnol\u00f2gic. En particular, les que s\u2019impulsin des del Campus Diagonal-Bes\u00f2s de la UPC, atesa la seva proximitat, adre\u00e7ades a estudiantat de centres educatius, com la jornada de la Dona i la Nena a la Ci\u00e8ncia, l\u2019Arduino Day, l\u2019Energy Day, el Visions STEAM o la competici\u00f3 VEX Robotics.&nbsp;<\/p>\n\n\n\n<p><strong>Recerca col\u00b7laborativa i viver d\u2019empreses&nbsp;<\/strong><\/p>\n\n\n\n<p>La CACI disposar\u00e0, d\u2019altra banda, d\u2019un espai de recerca col\u00b7laborativa (o \u00e0rea de <em>co-working<\/em>), planter d&#8217;empreses i creaci\u00f3 de <em>spin-offs<\/em> o <em>start-ups<\/em>, per atreure empreses que desitgin desenvolupar projectes en l\u2019\u00e0rea de manufactura avan\u00e7ada en tota la seva expressi\u00f3, fins que no aconsegueixin la dimensi\u00f3 necess\u00e0ria per actuar independentment.&nbsp;<\/p>\n\n\n\n<p>En aquest sentit, es preveu oferir serveis tecnol\u00f2gics avan\u00e7ats i demostradors per ajudar a les pimes i a qualsevol entitat en el salt cap al paradigma de la digitalitzaci\u00f3 i les tecnologies englobades en el concepte de la Ind\u00fastria 4.0, com ara la Internet de les coses, la integraci\u00f3 de sistemes, les tecnologies Digital Twins, Cloud Computing, Big Data, intel\u00b7lig\u00e8ncia artificial, realitat augmentada, realitat virtual i rob\u00f2tica col\u00b7laborativa.&nbsp;<\/p>\n\n\n\n<p>Segons l\u2019alcalde de Badalona, Rub\u00e9n Guijarro \u00abl&#8217;acord signat avui va en la l\u00ednia de la Badalona estrat\u00e8gica, productiva i tecnol\u00f2gica en la qual ens volem&nbsp; recon\u00e8ixer. La triple col\u00b7laboraci\u00f3 entre l&#8217;Ajuntament, la UPC i la Fundaci\u00f3 CIM esdev\u00e9 una clara oportunitat de futur i estrat\u00e8gia compartida en un espai emblem\u00e0tic de la ciutat com els la CACI\u00bb.&nbsp;<\/p>\n\n\n\n<p>Per la seva banda el rector de la UPC, Daniel Crespo, ha afirmat que \u201caquest protocol d\u2019intencions \u00e9s un primer pas per fer realitat que la CACI recobri vida com a f\u00e0brica del coneixement, al servei de la recerca i la transfer\u00e8ncia de tecnologia, i del teixit econ\u00f2mic i social de Badalona\u201d. Segons Crespo \u201cel projecte constitueix, doncs, una oportunitat per a la UPC i per al Centre CIM, que podr\u00e0 incrementar la seva capacitat en recerca i transfer\u00e8ncia de coneixement, aix\u00ed com el seu potencial en formaci\u00f3 continuada.\u201d.&nbsp;<\/p>\n\n\n\n<p>Per la seva banda el primer tinent d\u2019alcaldia i regidor de l\u2019\u00c0mbit d\u2019Impuls de Ciutat i Reconstrucci\u00f3 COVID, \u00c0lex Montorn\u00e8s, ha manifestat que el Govern municipal de la ciutat \u201csempre ha volgut que la CACI fos un equipament d\u2019abats nacional, per\u00f2 tamb\u00e9 un equipament per a la ciutadania de Badalona, dues coses que, amb aquest conveni, s\u2019han aconseguit\u201d.&nbsp;<\/p>\n","protected":false},"excerpt":{"rendered":"<p>L\u2019alcalde de Badalona, Rub\u00e9n Guijarro; el primer tinent d\u2019alcaldia i regidor de l\u2019\u00c0mbit d\u2019Impuls de Ciutat i Reconstrucci\u00f3 COVID, \u00c0lex Montorn\u00e8s; el rector de la UPC, Daniel Crespo, i el director general de la Fundaci\u00f3 CIM, Jos\u00e9 Mar\u00eda Cabrera, han signat avui un acord d\u2019intencions per convertir l\u2019espai de l\u2019antiga f\u00e0brica de la Compa\u00f1\u00eda Auxiliar [&hellip;]<\/p>\n","protected":false},"author":2,"featured_media":3408,"comment_status":"open","ping_status":"open","sticky":false,"template":"","format":"standard","meta":{"footnotes":""},"categories":[23],"tags":[],"class_list":{"0":"post-3407","1":"post","2":"type-post","3":"status-publish","4":"format-standard","5":"has-post-thumbnail","7":"category-actualitat"},"_links":{"self":[{"href":"https:\/\/areabadalona.com\/diario\/wp-json\/wp\/v2\/posts\/3407","targetHints":{"allow":["GET"]}}],"collection":[{"href":"https:\/\/areabadalona.com\/diario\/wp-json\/wp\/v2\/posts"}],"about":[{"href":"https:\/\/areabadalona.com\/diario\/wp-json\/wp\/v2\/types\/post"}],"author":[{"embeddable":true,"href":"https:\/\/areabadalona.com\/diario\/wp-json\/wp\/v2\/users\/2"}],"replies":[{"embeddable":true,"href":"https:\/\/areabadalona.com\/diario\/wp-json\/wp\/v2\/comments?post=3407"}],"version-history":[{"count":1,"href":"https:\/\/areabadalona.com\/diario\/wp-json\/wp\/v2\/posts\/3407\/revisions"}],"predecessor-version":[{"id":3409,"href":"https:\/\/areabadalona.com\/diario\/wp-json\/wp\/v2\/posts\/3407\/revisions\/3409"}],"wp:featuredmedia":[{"embeddable":true,"href":"https:\/\/areabadalona.com\/diario\/wp-json\/wp\/v2\/media\/3408"}],"wp:attachment":[{"href":"https:\/\/areabadalona.com\/diario\/wp-json\/wp\/v2\/media?parent=3407"}],"wp:term":[{"taxonomy":"category","embeddable":true,"href":"https:\/\/areabadalona.com\/diario\/wp-json\/wp\/v2\/categories?post=3407"},{"taxonomy":"post_tag","embeddable":true,"href":"https:\/\/areabadalona.com\/diario\/wp-json\/wp\/v2\/tags?post=3407"}],"curies":[{"name":"wp","href":"https:\/\/api.w.org\/{rel}","templated":true}]}}