{"id":3404,"date":"2022-04-22T11:25:29","date_gmt":"2022-04-22T11:25:29","guid":{"rendered":"https:\/\/areabadalona.com\/diario\/?p=3404"},"modified":"2022-04-22T11:25:30","modified_gmt":"2022-04-22T11:25:30","slug":"els-artistes-badalonins-david-ros-i-alterlatina-amenitzaran-la-diada-de-sant-jordi-amb-dos-concerts-al-carrer","status":"publish","type":"post","link":"https:\/\/areabadalona.com\/diario\/2022\/04\/22\/els-artistes-badalonins-david-ros-i-alterlatina-amenitzaran-la-diada-de-sant-jordi-amb-dos-concerts-al-carrer\/","title":{"rendered":"Els artistes badalonins David Ros i Alterlatina amenitzaran la  Diada de Sant Jordi amb dos concerts al carrer\u00a0"},"content":{"rendered":"\n<p>L\u2019Ajuntament de Badalona ha programat dues actuacions musicals durant la Diada de Sant Jordi per complementar l\u2019\u00e0mplia oferta cultural de la jornada i animar la ciutadania a sortir al carrer i gaudir del comer\u00e7 i la restauraci\u00f3 local. Els artistes que actuaran, tots dos badalonins, s\u00f3n el cantant David Ros i el grup Alterlatina. El concert de David Ros tindr\u00e0 lloc aquest dissabte a les 19.30 hores a la pla\u00e7a de la Vila. A la mateixa hora, Alterlatina actuar\u00e0 al passeig de La Salut.&nbsp; &nbsp;<\/p>\n","protected":false},"excerpt":{"rendered":"<p>L\u2019Ajuntament de Badalona ha programat dues actuacions musicals durant la Diada de Sant Jordi per complementar l\u2019\u00e0mplia oferta cultural de la jornada i animar la ciutadania a sortir al carrer i gaudir del comer\u00e7 i la restauraci\u00f3 local. Els artistes que actuaran, tots dos badalonins, s\u00f3n el cantant David Ros i el grup Alterlatina. El [&hellip;]<\/p>\n","protected":false},"author":2,"featured_media":3405,"comment_status":"open","ping_status":"open","sticky":false,"template":"","format":"standard","meta":{"footnotes":""},"categories":[25],"tags":[],"class_list":{"0":"post-3404","1":"post","2":"type-post","3":"status-publish","4":"format-standard","5":"has-post-thumbnail","7":"category-cultura"},"_links":{"self":[{"href":"https:\/\/areabadalona.com\/diario\/wp-json\/wp\/v2\/posts\/3404","targetHints":{"allow":["GET"]}}],"collection":[{"href":"https:\/\/areabadalona.com\/diario\/wp-json\/wp\/v2\/posts"}],"about":[{"href":"https:\/\/areabadalona.com\/diario\/wp-json\/wp\/v2\/types\/post"}],"author":[{"embeddable":true,"href":"https:\/\/areabadalona.com\/diario\/wp-json\/wp\/v2\/users\/2"}],"replies":[{"embeddable":true,"href":"https:\/\/areabadalona.com\/diario\/wp-json\/wp\/v2\/comments?post=3404"}],"version-history":[{"count":1,"href":"https:\/\/areabadalona.com\/diario\/wp-json\/wp\/v2\/posts\/3404\/revisions"}],"predecessor-version":[{"id":3406,"href":"https:\/\/areabadalona.com\/diario\/wp-json\/wp\/v2\/posts\/3404\/revisions\/3406"}],"wp:featuredmedia":[{"embeddable":true,"href":"https:\/\/areabadalona.com\/diario\/wp-json\/wp\/v2\/media\/3405"}],"wp:attachment":[{"href":"https:\/\/areabadalona.com\/diario\/wp-json\/wp\/v2\/media?parent=3404"}],"wp:term":[{"taxonomy":"category","embeddable":true,"href":"https:\/\/areabadalona.com\/diario\/wp-json\/wp\/v2\/categories?post=3404"},{"taxonomy":"post_tag","embeddable":true,"href":"https:\/\/areabadalona.com\/diario\/wp-json\/wp\/v2\/tags?post=3404"}],"curies":[{"name":"wp","href":"https:\/\/api.w.org\/{rel}","templated":true}]}}