{"id":3401,"date":"2022-04-22T08:24:44","date_gmt":"2022-04-22T08:24:44","guid":{"rendered":"https:\/\/areabadalona.com\/diario\/?p=3401"},"modified":"2022-04-22T08:24:46","modified_gmt":"2022-04-22T08:24:46","slug":"badalona-acull-aquest-diumenge-24-dabril-la-1a-cursa-solidaria-mossos-desquadra-per-laluchadeabril","status":"publish","type":"post","link":"https:\/\/areabadalona.com\/diario\/2022\/04\/22\/badalona-acull-aquest-diumenge-24-dabril-la-1a-cursa-solidaria-mossos-desquadra-per-laluchadeabril\/","title":{"rendered":"Badalona acull aquest diumenge 24 d\u2019abril la 1a Cursa Solid\u00e0ria  Mossos d\u2019Esquadra per @laluchadeabril\u00a0"},"content":{"rendered":"\n<p>Aquest diumenge 24 d\u2019abril Badalona ser\u00e0 escenari de la 1a Cursa i caminada Solid\u00e0ria Mossos d\u2019Esquadra per @laluchadeabril, un esdeveniment ben\u00e8fic per recaptar fons per a la investigaci\u00f3 m\u00e8dica. Es tracta d\u2019una cursa d\u2019asfalt i caminada popular amb una dist\u00e0ncia de 5 quil\u00f2metres que comen\u00e7ar\u00e0 a les 10:00 hores amb sortida i arribada a la Rambla de Badalona,&nbsp; a l\u2019altura del monument de Roca i Pi. Per resoldre qualsevol dubte sobre la cursa i fer aportacions volunt\u00e0ries podeu consultar la <a href=\"http:\/\/bsevents.cat\/cursamossosbdn\">p\u00e0gina web de l\u2019esdeveniment<\/a>. &nbsp;<\/p>\n\n\n\n<p>La cursa t\u00e9 un car\u00e0cter \u00edntegrament solidari, ja que tots els beneficis aniran destinats a l\u2019Institut de Neuroci\u00e8ncies de la Universitat Aut\u00f2noma de Barcelona (INc-UAB). Concretament, els diners recaptats es dedicaran a la investigaci\u00f3 de la malaltia que pateix l\u2019Abril, una nena badalonina afectada per una dol\u00e8ncia de base gen\u00e8tica catalogada com ultra estranya i que actualment nom\u00e9s es t\u00e9 const\u00e0ncia que afecti quaranta-cinc infants a tot el m\u00f3n. Trobareu tota la informaci\u00f3 sobre la lluita de l\u2019Abril a &nbsp;<a href=\"http:\/\/www.laluchadeabril.org\">www.laluchadeabril.org<\/a>. &nbsp;<\/p>\n\n\n\n<p>La cursa s\u2019ha presentat aquest dijous en una roda de premsa celebrada a l\u2019edifici del Viver en la que han participat l\u2019alcalde de Badalona, Rub\u00e9n Guijarro; l\u2019Intendent Cap de l\u2019\u00c0rea B\u00e0sica Policial de Badalona del Mossos d\u2019Esquadra, Alfons Sarrias; el president de Bubo Sports Events, Miquel Artero; el secretari general del Sindicat Aut\u00f2nom de Policia, Pere Garcia; i del pare de l\u2019Abril, Jes\u00fas Merino.&nbsp;<\/p>\n\n\n\n<p>L\u2019alcalde de Badalona, Rub\u00e9n Guijarro, ha afirmat durant la presentaci\u00f3 que \u201cpoder col\u00b7laborar en aquesta mena d\u2019esdeveniments \u00e9s un privilegi que dona sentit a la dedicaci\u00f3 d\u2019un pol\u00edtic\u201d i ha assegurat que \u201cla cursa d\u2019aquest diumenge i la lluita de l\u2019Abril representen els valors de la nostra ciutat i impulsen la Badalona en positiu amb qu\u00e8 s\u2019identifiquen els ve\u00efns i ve\u00efnes\u201d. &nbsp;<\/p>\n","protected":false},"excerpt":{"rendered":"<p>Aquest diumenge 24 d\u2019abril Badalona ser\u00e0 escenari de la 1a Cursa i caminada Solid\u00e0ria Mossos d\u2019Esquadra per @laluchadeabril, un esdeveniment ben\u00e8fic per recaptar fons per a la investigaci\u00f3 m\u00e8dica. Es tracta d\u2019una cursa d\u2019asfalt i caminada popular amb una dist\u00e0ncia de 5 quil\u00f2metres que comen\u00e7ar\u00e0 a les 10:00 hores amb sortida i arribada a la [&hellip;]<\/p>\n","protected":false},"author":2,"featured_media":3402,"comment_status":"open","ping_status":"open","sticky":false,"template":"","format":"standard","meta":{"footnotes":""},"categories":[26],"tags":[],"class_list":{"0":"post-3401","1":"post","2":"type-post","3":"status-publish","4":"format-standard","5":"has-post-thumbnail","7":"category-esports"},"_links":{"self":[{"href":"https:\/\/areabadalona.com\/diario\/wp-json\/wp\/v2\/posts\/3401","targetHints":{"allow":["GET"]}}],"collection":[{"href":"https:\/\/areabadalona.com\/diario\/wp-json\/wp\/v2\/posts"}],"about":[{"href":"https:\/\/areabadalona.com\/diario\/wp-json\/wp\/v2\/types\/post"}],"author":[{"embeddable":true,"href":"https:\/\/areabadalona.com\/diario\/wp-json\/wp\/v2\/users\/2"}],"replies":[{"embeddable":true,"href":"https:\/\/areabadalona.com\/diario\/wp-json\/wp\/v2\/comments?post=3401"}],"version-history":[{"count":1,"href":"https:\/\/areabadalona.com\/diario\/wp-json\/wp\/v2\/posts\/3401\/revisions"}],"predecessor-version":[{"id":3403,"href":"https:\/\/areabadalona.com\/diario\/wp-json\/wp\/v2\/posts\/3401\/revisions\/3403"}],"wp:featuredmedia":[{"embeddable":true,"href":"https:\/\/areabadalona.com\/diario\/wp-json\/wp\/v2\/media\/3402"}],"wp:attachment":[{"href":"https:\/\/areabadalona.com\/diario\/wp-json\/wp\/v2\/media?parent=3401"}],"wp:term":[{"taxonomy":"category","embeddable":true,"href":"https:\/\/areabadalona.com\/diario\/wp-json\/wp\/v2\/categories?post=3401"},{"taxonomy":"post_tag","embeddable":true,"href":"https:\/\/areabadalona.com\/diario\/wp-json\/wp\/v2\/tags?post=3401"}],"curies":[{"name":"wp","href":"https:\/\/api.w.org\/{rel}","templated":true}]}}