{"id":3398,"date":"2022-04-21T11:42:22","date_gmt":"2022-04-21T11:42:22","guid":{"rendered":"https:\/\/areabadalona.com\/diario\/?p=3398"},"modified":"2022-04-21T11:42:24","modified_gmt":"2022-04-21T11:42:24","slug":"lajuntament-de-badalona-engega-una-campanya-per-fomentar-la-naturalitzacio-despais-publics-no-enjardinats-i-la-plantacio-als-escocells-dels-arbres","status":"publish","type":"post","link":"https:\/\/areabadalona.com\/diario\/2022\/04\/21\/lajuntament-de-badalona-engega-una-campanya-per-fomentar-la-naturalitzacio-despais-publics-no-enjardinats-i-la-plantacio-als-escocells-dels-arbres\/","title":{"rendered":"L\u2019Ajuntament de Badalona engega una campanya per fomentar la  naturalitzaci\u00f3 d\u2019espais p\u00fablics no enjardinats i la plantaci\u00f3 als escocells dels  arbres\u00a0"},"content":{"rendered":"\n<p>L\u2019Ajuntament de Badalona, a trav\u00e9s de l\u2019\u00c0rea de Medi Ambient i Sostenibilitat impulsa la campanya \u201cEnjardinem Badalona: crea i cuida un jard\u00ed al costat de casa teva!\u201d, una iniciativa que busca fomentar la naturalitzaci\u00f3 d\u2019espais p\u00fablics no enjardinats i la plantaci\u00f3 als escocells dels arbres mitjan\u00e7ant la participaci\u00f3 ciutadana i la implicaci\u00f3 de les diferents associacions de la ciutat.&nbsp;<\/p>\n\n\n\n<p>Els objectius de la campanya s\u00f3n: &nbsp;<\/p>\n\n\n\n<ul class=\"wp-block-list\"><li>Promoure la natura i la biodiversitat de la ciutat amb tots els beneficis que aix\u00f2 comporta per a la salut&nbsp;<br><\/li><li>Fomentar la participaci\u00f3 ciutadana en l&#8217;embelliment, la millora i la naturalitzaci\u00f3 del nostre entorn proper&nbsp;<\/li><li>Crear vincles socials i promoure intercanvis entre el ve\u00efnatge&nbsp;<\/li><li>Refor\u00e7ar, entre la ciutadania, el sentiment de pertinen\u00e7a i manteniment de l&#8217;espai p\u00fablic com a b\u00e9 i patrimoni de tothom que viu a Badalona&nbsp;<\/li><\/ul>\n\n\n\n<p>El perm\u00eds de naturalitzaci\u00f3, tota la informaci\u00f3 necess\u00e0ria i la normativa de funcionament, es podr\u00e0 demanar a t\u00edtol personal o en representaci\u00f3 d\u2019una entitat al Departament de Gesti\u00f3 del verd Urb\u00e0 de l\u2019\u00c0rea de Medi Ambient i Sostenibilitat mitjan\u00e7ant el correu electr\u00f2nic <a href=\"mailto:verd_urba@badalona.cat\">verd_urba@badalona.cat<\/a>. Tamb\u00e9 es podran consultar tots els requeriments i informaci\u00f3 necess\u00e0ria al <a href=\"http:\/\/badalona.cat\/portalWeb\/badalona.portal?_nfpb=true&amp;_pageLabel=contingut_estatic&amp;dCollectionID=4940#wlp_contingut_estatic\">web municipal<\/a>. &nbsp;<\/p>\n\n\n\n<p>Finalment, l\u2019autoritzaci\u00f3 de naturalitzaci\u00f3 s\u2019atorgar\u00e0 despr\u00e9s d\u2019estudiar la viabilitat t\u00e8cnica de la petici\u00f3 i comprovar que es compleixen tots els requeriments. A banda d\u2019aquests permisos, l\u2019Ajuntament tamb\u00e9 dona a la ciutadania la possibilitat d\u2019apadrinar un arbre de la ciutat, que inclou una autoritzaci\u00f3 per cuidar-lo. &nbsp;<\/p>\n\n\n\n<p>La regidora de Medi Ambient, Sostenibilitat i Benestar Animal, Rosa Trenado, ha explicat que \u201caquesta campanya dona resposta a la demanda de la ciutadania de ser part\u00edcip de la cura dels nostres espais p\u00fablics i, molt especialment, de tot all\u00f2 que t\u00e9 a veure amb el medi ambient i la natura\u201d. Trenado ha remarcat la import\u00e0ncia de qu\u00e8 \u201cla majoria de les activitats que impliquen a la ciutadania de manera proactiva es canalitzin a trav\u00e9s de l\u2019Ajuntament per tal de poder fer un seguiment de la seva acollida, del progr\u00e9s de l\u2019activitat i del bon \u00fas dels espais on es porta a terme\u201d. &nbsp;<\/p>\n\n\n\n<p><strong>Dia de la Terra&nbsp;<\/strong><\/p>\n\n\n\n<p>La iniciativa \u201cEnjardinem Badalona: crea i cuida un jard\u00ed al costat de casa teva!\u201d es posar\u00e0 en marxa aquest divendres 22 d\u2019abril, coincidint amb la celebraci\u00f3 del Dia de la Terra, oficialment denominat per l&#8217;Organitzaci\u00f3 de les Nacions Unides com a Dia Internacional de la Mare Terra. Aquesta celebraci\u00f3 t\u00e9 per objectiu prendre consci\u00e8ncia de les problem\u00e0tiques ambientals, com ara la contaminaci\u00f3 de l&#8217;aire, l&#8217;aigua i el s\u00f2l, la destrucci\u00f3 dels ecosistemes, la p\u00e8rdua de biodiversitat i l&#8217;esgotament dels recursos no renovables. Tamb\u00e9 pret\u00e9n crear una mentalitat global que permeti actuar activament per afrontar els problemes ecol\u00f2gics, ja sigui a nivell personal, col\u00b7lectiu, local o regional partint de la base que tothom hi t\u00e9 quelcom a aportar.&nbsp;<\/p>\n","protected":false},"excerpt":{"rendered":"<p>L\u2019Ajuntament de Badalona, a trav\u00e9s de l\u2019\u00c0rea de Medi Ambient i Sostenibilitat impulsa la campanya \u201cEnjardinem Badalona: crea i cuida un jard\u00ed al costat de casa teva!\u201d, una iniciativa que busca fomentar la naturalitzaci\u00f3 d\u2019espais p\u00fablics no enjardinats i la plantaci\u00f3 als escocells dels arbres mitjan\u00e7ant la participaci\u00f3 ciutadana i la implicaci\u00f3 de les diferents [&hellip;]<\/p>\n","protected":false},"author":2,"featured_media":3399,"comment_status":"open","ping_status":"open","sticky":false,"template":"","format":"standard","meta":{"footnotes":""},"categories":[23],"tags":[],"class_list":{"0":"post-3398","1":"post","2":"type-post","3":"status-publish","4":"format-standard","5":"has-post-thumbnail","7":"category-actualitat"},"_links":{"self":[{"href":"https:\/\/areabadalona.com\/diario\/wp-json\/wp\/v2\/posts\/3398","targetHints":{"allow":["GET"]}}],"collection":[{"href":"https:\/\/areabadalona.com\/diario\/wp-json\/wp\/v2\/posts"}],"about":[{"href":"https:\/\/areabadalona.com\/diario\/wp-json\/wp\/v2\/types\/post"}],"author":[{"embeddable":true,"href":"https:\/\/areabadalona.com\/diario\/wp-json\/wp\/v2\/users\/2"}],"replies":[{"embeddable":true,"href":"https:\/\/areabadalona.com\/diario\/wp-json\/wp\/v2\/comments?post=3398"}],"version-history":[{"count":1,"href":"https:\/\/areabadalona.com\/diario\/wp-json\/wp\/v2\/posts\/3398\/revisions"}],"predecessor-version":[{"id":3400,"href":"https:\/\/areabadalona.com\/diario\/wp-json\/wp\/v2\/posts\/3398\/revisions\/3400"}],"wp:featuredmedia":[{"embeddable":true,"href":"https:\/\/areabadalona.com\/diario\/wp-json\/wp\/v2\/media\/3399"}],"wp:attachment":[{"href":"https:\/\/areabadalona.com\/diario\/wp-json\/wp\/v2\/media?parent=3398"}],"wp:term":[{"taxonomy":"category","embeddable":true,"href":"https:\/\/areabadalona.com\/diario\/wp-json\/wp\/v2\/categories?post=3398"},{"taxonomy":"post_tag","embeddable":true,"href":"https:\/\/areabadalona.com\/diario\/wp-json\/wp\/v2\/tags?post=3398"}],"curies":[{"name":"wp","href":"https:\/\/api.w.org\/{rel}","templated":true}]}}