{"id":3395,"date":"2022-04-21T09:27:19","date_gmt":"2022-04-21T09:27:19","guid":{"rendered":"https:\/\/areabadalona.com\/diario\/?p=3395"},"modified":"2022-04-21T09:27:20","modified_gmt":"2022-04-21T09:27:20","slug":"badalona-comenca-a-celebrar-avui-la-diada-de-sant-jordi-amb-linici-de-la-xlii-fira-del-llibre","status":"publish","type":"post","link":"https:\/\/areabadalona.com\/diario\/2022\/04\/21\/badalona-comenca-a-celebrar-avui-la-diada-de-sant-jordi-amb-linici-de-la-xlii-fira-del-llibre\/","title":{"rendered":"Badalona comen\u00e7a a celebrar avui la Diada de Sant Jordi amb  l\u2019inici de la XLII Fira del Llibre \u00a0"},"content":{"rendered":"\n<p>Badalona comen\u00e7a a celebrar la Diada de Sant Jordi avui dijous 21 d\u2019abril amb l\u2019inici de la <strong>XLII Fira del Llibre<\/strong>, que s\u2019instal\u00b7lar\u00e0 a la pla\u00e7a de Pompeu Fabra fins al 23 d\u2019abril i que compta amb la participaci\u00f3 d\u2019una desena de llibreries de la ciutat i de l\u2019Associaci\u00f3 Cultural de Poesia Pont del Petroli. <strong>La X Fira de Sant Jordi<\/strong> tindr\u00e0 lloc el dissabte 23 d\u2019abril a la pla\u00e7a de la Vila i al carrer de Francesc Layret, al barri del Centre, i al passeig de la Salut del barri de la Salut, amb una mostra d\u2019entitats i d\u2019activitats dirigides a tots els p\u00fablics amb els s\u00edmbols tradicionals de la diada.&nbsp;<\/p>\n\n\n\n<p>El mateix dia 23, a les 19.30 hores, es faran dos concerts al carrer per convidar a la ciutadania a sortir al carrer i impulsar el comer\u00e7 i la restauraci\u00f3 local. Els artistes que s\u2019encarregaran d\u2019amenitzar la jornada seran David Ros i Alterlatina, que actuaran a la pla\u00e7a de la Vila i el passeig de La Salut respectivament. &nbsp;<\/p>\n\n\n\n<p>A la <strong>XLII Fira del Llibre<\/strong> estaran presents les llibreries Abacus, Carlos, Crapze, F\u00e8nix, Frikiplanet, Lagaia Books, Mitja Mosca, Saltamart\u00ed, Smile Books, Somnia i l\u2019Associaci\u00f3 Cultural de Poesia Pont del Petroli en horari de 9 a 21 hores. Els dies <strong>21 i 22 d&#8217;abril<\/strong> hi haur\u00e0 una <strong>Carpa de signatures<\/strong> destinada als autors i les autores proposats per les llibreries. &nbsp;<\/p>\n\n\n\n<p><strong><em>(Es poden consultar els horaris al programa adjunt de Sant Jordi Badalona 2022).&nbsp;<\/em><\/strong><\/p>\n\n\n\n<p>El dia 23 d&#8217;abril s\u2019instal\u00b7lar\u00e0 tamb\u00e9 la <strong>Carpa de la Xarxa Municipal de Biblioteques de Badalona<\/strong> que, des de les 10.30 fins a les 19 hores, oferir\u00e0 activitats per als m\u00e9s petits com ara narraci\u00f3 de contes, tallers i titelles.&nbsp;<\/p>\n\n\n\n<p><strong>Sant Jordi a Sant Roc i Jocs Florals Escolars 2022&nbsp;<\/strong><\/p>\n\n\n\n<p>Els Serveis Educatius de Badalona del Departament d\u2019Educaci\u00f3 de la Generalitat de Catalunya, la Taula de Lleure i Joves Badalona Sud, i la Xarxa Municipal de Biblioteques de Badalona, amb la col\u00b7laboraci\u00f3 de diversos centres escolars, han organitzat activitats amb motiu de la diada de Sant Jordi:&nbsp;<\/p>\n\n\n\n<p>&#8211; Paradetes de llibres a la pla\u00e7a de Sant Elies, de 9 a 13 hores.&nbsp;<\/p>\n\n\n\n<p>&#8211; Per als alumnes de P3, P4 i P5 d\u2019educaci\u00f3 infantil s\u2019ha programat una visita a la biblioteca de Sant Roc, narraci\u00f3 de contes, tallers de titelles i punts de llibres.&nbsp;<\/p>\n\n\n\n<p>&#8211; Per als alumnes de 5\u00e8 i 6\u00e8 de prim\u00e0ria, de l\u2019ESO, Batxillerat i PFI adaptat s\u2019ha programat una entrevista amb l\u2019autor Adri\u00e0 Aguacil, guanyador del Premi Ciutat de Badalona de novel\u00b7la juvenil 2020 sobre la seva obra <em>La botiga de vides<\/em> i el lliurament de premis Jocs Florals 2022. Es retransmetr\u00e0 en <em>streaming<\/em> des de la Biblioteca Sant Roc.&nbsp;<\/p>\n\n\n\n<p>&#8211; Per als alumnes de 1r a 4rt de prim\u00e0ria, lliurament dels premis Jocs Florals 2022 a la pla\u00e7a de Sant Elies, a les 11 hores, i espectacle amb el grup Pentina el gat.&nbsp;<\/p>\n\n\n\n<p><strong>Diada de Sant Jordi a Llefi\u00e0&nbsp;<\/strong><\/p>\n\n\n\n<p>El divendres 22 d\u2019abril a la Biblioteca municipal Llefi\u00e0-Xavier Soto, a partir de les 18 hores tindr\u00e0 lloc l\u2019espectacle \u201cM\u00e0gia entre llibres\u201d, a c\u00e0rrec d\u2019Enric Magoo.&nbsp;<\/p>\n\n\n\n<p><strong>Diada de Sant Jordi a Bufal\u00e0&nbsp;<\/strong><\/p>\n\n\n\n<p>Organitzat per l\u2019AV de Bufal\u00e0, el dissabte 23 d\u2019abril, entre les 11 i les 14 hores, al davant del parc de Can Barriga (avinguda de Mart\u00ed Pujol) tindran lloc diverses activitats i tallers familiars.&nbsp;<\/p>\n","protected":false},"excerpt":{"rendered":"<p>Badalona comen\u00e7a a celebrar la Diada de Sant Jordi avui dijous 21 d\u2019abril amb l\u2019inici de la XLII Fira del Llibre, que s\u2019instal\u00b7lar\u00e0 a la pla\u00e7a de Pompeu Fabra fins al 23 d\u2019abril i que compta amb la participaci\u00f3 d\u2019una desena de llibreries de la ciutat i de l\u2019Associaci\u00f3 Cultural de Poesia Pont del Petroli. [&hellip;]<\/p>\n","protected":false},"author":2,"featured_media":3396,"comment_status":"open","ping_status":"open","sticky":false,"template":"","format":"standard","meta":{"footnotes":""},"categories":[25],"tags":[],"class_list":{"0":"post-3395","1":"post","2":"type-post","3":"status-publish","4":"format-standard","5":"has-post-thumbnail","7":"category-cultura"},"_links":{"self":[{"href":"https:\/\/areabadalona.com\/diario\/wp-json\/wp\/v2\/posts\/3395","targetHints":{"allow":["GET"]}}],"collection":[{"href":"https:\/\/areabadalona.com\/diario\/wp-json\/wp\/v2\/posts"}],"about":[{"href":"https:\/\/areabadalona.com\/diario\/wp-json\/wp\/v2\/types\/post"}],"author":[{"embeddable":true,"href":"https:\/\/areabadalona.com\/diario\/wp-json\/wp\/v2\/users\/2"}],"replies":[{"embeddable":true,"href":"https:\/\/areabadalona.com\/diario\/wp-json\/wp\/v2\/comments?post=3395"}],"version-history":[{"count":1,"href":"https:\/\/areabadalona.com\/diario\/wp-json\/wp\/v2\/posts\/3395\/revisions"}],"predecessor-version":[{"id":3397,"href":"https:\/\/areabadalona.com\/diario\/wp-json\/wp\/v2\/posts\/3395\/revisions\/3397"}],"wp:featuredmedia":[{"embeddable":true,"href":"https:\/\/areabadalona.com\/diario\/wp-json\/wp\/v2\/media\/3396"}],"wp:attachment":[{"href":"https:\/\/areabadalona.com\/diario\/wp-json\/wp\/v2\/media?parent=3395"}],"wp:term":[{"taxonomy":"category","embeddable":true,"href":"https:\/\/areabadalona.com\/diario\/wp-json\/wp\/v2\/categories?post=3395"},{"taxonomy":"post_tag","embeddable":true,"href":"https:\/\/areabadalona.com\/diario\/wp-json\/wp\/v2\/tags?post=3395"}],"curies":[{"name":"wp","href":"https:\/\/api.w.org\/{rel}","templated":true}]}}