{"id":3149,"date":"2022-03-03T09:56:47","date_gmt":"2022-03-03T09:56:47","guid":{"rendered":"http:\/\/areabadalona.com\/diario\/?p=3149"},"modified":"2022-03-03T09:56:50","modified_gmt":"2022-03-03T09:56:50","slug":"la-48a-edicio-del-filmets-badalona-film-festival-que-es-fara-del-21-al-30-doctubre-recupera-les-projeccions-unicament-presencials","status":"publish","type":"post","link":"https:\/\/areabadalona.com\/diario\/2022\/03\/03\/la-48a-edicio-del-filmets-badalona-film-festival-que-es-fara-del-21-al-30-doctubre-recupera-les-projeccions-unicament-presencials\/","title":{"rendered":"La 48a  edici\u00f3 del FILMETS Badalona Film Festival, que es far\u00e0 del 21 al 30 d&#8217;octubre,  recupera les projeccions \u00fanicament presencials"},"content":{"rendered":"\n<p>La 48a edici\u00f3 de FILMETS Badalona Film Festival, que se celebrar\u00e0 del 21 al 30 d\u2019octubre de 2022, fa un pas endavant i recupera les projeccions \u00fanicament presencials per als curtmetratges de la Secci\u00f3 Oficial.<\/p>\n\n\n\n<p>Despr\u00e9s que les dues edicions anteriors hagin tingut un format h\u00edbrid a causa de l\u2019emerg\u00e8ncia sanit\u00e0ria provocada per la pand\u00e8mia de la Covid-19, el festival FILMETS ha decidit que aquest 2022 totes les pel\u00b7l\u00edcules que es presentin en competici\u00f3 oficial es vegin \u00fanicament a les sales habilitades amb aquesta finalitat.<\/p>\n\n\n\n<p>El conseller delegat de Badalona Comunicaci\u00f3, Josep Vi\u00f1eta Balsells, ha explicat que \u00abdes de l\u2019organitzaci\u00f3 de FILMETS es fa una aposta clara i decidida per la presencialitat ja que creiem que all\u00e0 on el cinema es viu millor i en la seva m\u00e0xima expressi\u00f3 \u00e9s en pantalla gran\u00bb.<\/p>\n\n\n\n<p>FILMETS mantindr\u00e0 \u00fanicament el car\u00e0cter h\u00edbrid (\u00e9s a dir, el format presencial i tamb\u00e9 a trav\u00e9s de la p\u00e0gina web del certamen) per a les activitats de l&#8217;OFF FILMETS. En aquest sentit, Josep Vi\u00f1eta Balsells ha afirmat que \u00abel format h\u00edbrid ens anir\u00e0 molt b\u00e9 per a les sessions adre\u00e7ades a professionals ja que ens permetr\u00e0 tenir ponents d&#8217;arreu del m\u00f3n participant a FILMETS, la qual cosa enriquir\u00e0 les sessions de debat\u00bb.<\/p>\n\n\n\n<p><strong>Obert el per\u00edode d&#8217;inscripci\u00f3<\/strong><\/p>\n\n\n\n<p>D&#8217;altra banda, ja s\u2019ha obert el per\u00edode d\u2019inscripci\u00f3 de curtmetratges per a la Secci\u00f3 Oficial de la 48a edici\u00f3 de FILMETS Badalona Film Festival, que se celebrar\u00e0 del 21 al 30 d\u2019octubre de 2022. Es poden presentar al festival tots aquells curtmetratges de fins a 30 minuts de durada, de qualsevol d\u2019aquests tres g\u00e8neres: ficci\u00f3, animaci\u00f3 i documental.<\/p>\n\n\n\n<p>El termini per fer la inscripci\u00f3 finalitzar\u00e0 el 31 de maig de 2022.<\/p>\n\n\n\n<p>Podeu consultar les bases de la 48a edici\u00f3 de FILMETS Badalona Film Festival a la seg\u00fcent adre\u00e7a:<\/p>\n\n\n\n<figure class=\"wp-block-embed is-type-wp-embed is-provider-filmets wp-block-embed-filmets\"><div class=\"wp-block-embed__wrapper\">\n<blockquote class=\"wp-embedded-content\" data-secret=\"xokQfvzG24\"><a href=\"https:\/\/www.festivalfilmets.cat\/bases\/\">Bases<\/a><\/blockquote><iframe loading=\"lazy\" class=\"wp-embedded-content\" sandbox=\"allow-scripts\" security=\"restricted\" style=\"position: absolute; clip: rect(1px, 1px, 1px, 1px);\" title=\"&#8220;Bases&#8221; &#8212; Filmets\" src=\"https:\/\/www.festivalfilmets.cat\/bases\/embed\/#?secret=xokQfvzG24\" data-secret=\"xokQfvzG24\" width=\"600\" height=\"338\" frameborder=\"0\" marginwidth=\"0\" marginheight=\"0\" scrolling=\"no\"><\/iframe>\n<\/div><\/figure>\n","protected":false},"excerpt":{"rendered":"<p>La 48a edici\u00f3 de FILMETS Badalona Film Festival, que se celebrar\u00e0 del 21 al 30 d\u2019octubre de 2022, fa un pas endavant i recupera les projeccions \u00fanicament presencials per als curtmetratges de la Secci\u00f3 Oficial. Despr\u00e9s que les dues edicions anteriors hagin tingut un format h\u00edbrid a causa de l\u2019emerg\u00e8ncia sanit\u00e0ria provocada per la pand\u00e8mia [&hellip;]<\/p>\n","protected":false},"author":2,"featured_media":2202,"comment_status":"open","ping_status":"open","sticky":false,"template":"","format":"standard","meta":{"footnotes":""},"categories":[25],"tags":[],"class_list":{"0":"post-3149","1":"post","2":"type-post","3":"status-publish","4":"format-standard","5":"has-post-thumbnail","7":"category-cultura"},"_links":{"self":[{"href":"https:\/\/areabadalona.com\/diario\/wp-json\/wp\/v2\/posts\/3149","targetHints":{"allow":["GET"]}}],"collection":[{"href":"https:\/\/areabadalona.com\/diario\/wp-json\/wp\/v2\/posts"}],"about":[{"href":"https:\/\/areabadalona.com\/diario\/wp-json\/wp\/v2\/types\/post"}],"author":[{"embeddable":true,"href":"https:\/\/areabadalona.com\/diario\/wp-json\/wp\/v2\/users\/2"}],"replies":[{"embeddable":true,"href":"https:\/\/areabadalona.com\/diario\/wp-json\/wp\/v2\/comments?post=3149"}],"version-history":[{"count":1,"href":"https:\/\/areabadalona.com\/diario\/wp-json\/wp\/v2\/posts\/3149\/revisions"}],"predecessor-version":[{"id":3150,"href":"https:\/\/areabadalona.com\/diario\/wp-json\/wp\/v2\/posts\/3149\/revisions\/3150"}],"wp:featuredmedia":[{"embeddable":true,"href":"https:\/\/areabadalona.com\/diario\/wp-json\/wp\/v2\/media\/2202"}],"wp:attachment":[{"href":"https:\/\/areabadalona.com\/diario\/wp-json\/wp\/v2\/media?parent=3149"}],"wp:term":[{"taxonomy":"category","embeddable":true,"href":"https:\/\/areabadalona.com\/diario\/wp-json\/wp\/v2\/categories?post=3149"},{"taxonomy":"post_tag","embeddable":true,"href":"https:\/\/areabadalona.com\/diario\/wp-json\/wp\/v2\/tags?post=3149"}],"curies":[{"name":"wp","href":"https:\/\/api.w.org\/{rel}","templated":true}]}}