{"id":3144,"date":"2022-03-01T12:49:00","date_gmt":"2022-03-01T12:49:00","guid":{"rendered":"http:\/\/areabadalona.com\/diario\/?p=3144"},"modified":"2022-03-02T12:51:07","modified_gmt":"2022-03-02T12:51:07","slug":"lalcalde-ruben-guijarro-es-reuneix-amb-el-ministre-de-cultura-miquel-iceta-per-abordar-els-reptes-mes-immediats-de-badalona-en-lambit-cultural-i-esportiu","status":"publish","type":"post","link":"https:\/\/areabadalona.com\/diario\/2022\/03\/01\/lalcalde-ruben-guijarro-es-reuneix-amb-el-ministre-de-cultura-miquel-iceta-per-abordar-els-reptes-mes-immediats-de-badalona-en-lambit-cultural-i-esportiu\/","title":{"rendered":"L\u2019alcalde Rub\u00e9n Guijarro es reuneix amb el ministre de Cultura,  Miquel Iceta, per abordar els reptes m\u00e9s immediats de Badalona en l&#8217;\u00e0mbit  cultural i esportiu\u00a0"},"content":{"rendered":"\n<p>L\u2019alcalde Rub\u00e9n Guijarro s\u2019ha reunit aquest dimarts al mat\u00ed a Madrid amb el ministre de Cultura i Esports, Miquel Iceta, per tractar els reptes m\u00e9s immediats de Badalona en l&#8217;\u00e0mbit cultural i esportiu, enfortir les relacions entre les institucions i treballar en possibles f\u00f3rmules de col\u00b7laboraci\u00f3. Aquesta trobada respon a la voluntat de l\u2019alcalde Guijarro de bastir ponts i afavorir la complicitat entre les diferents administracions per poder dur a terme els diferents projectes de futur que ha d\u2019afrontar Badalona.&nbsp;<\/p>\n\n\n\n<p>Guijarro ha agra\u00eft al ministre Iceta \u201cla seva disposici\u00f3 per actuar conjuntament en iniciatives que suposin un salt endavant per Badalona i per la comarca del Barcelon\u00e8s Nord\u201d. \u201cDes del Govern municipal treballem di\u00e0riament per restablir les aliances i les relacions amb totes institucions per tal de ressituar-nos en el mapa, exportar una imatge positiva de la nostra ciutat i poder abordar i assolir reptes que milloraran les condicions de vida dels ve\u00efns i ve\u00efnes de Badalona\u201d, ha concl\u00f2s l\u2019alcalde. &nbsp;<\/p>\n","protected":false},"excerpt":{"rendered":"<p>L\u2019alcalde Rub\u00e9n Guijarro s\u2019ha reunit aquest dimarts al mat\u00ed a Madrid amb el ministre de Cultura i Esports, Miquel Iceta, per tractar els reptes m\u00e9s immediats de Badalona en l&#8217;\u00e0mbit cultural i esportiu, enfortir les relacions entre les institucions i treballar en possibles f\u00f3rmules de col\u00b7laboraci\u00f3. Aquesta trobada respon a la voluntat de l\u2019alcalde Guijarro [&hellip;]<\/p>\n","protected":false},"author":2,"featured_media":3145,"comment_status":"open","ping_status":"open","sticky":false,"template":"","format":"standard","meta":{"footnotes":""},"categories":[25],"tags":[],"class_list":{"0":"post-3144","1":"post","2":"type-post","3":"status-publish","4":"format-standard","5":"has-post-thumbnail","7":"category-cultura"},"_links":{"self":[{"href":"https:\/\/areabadalona.com\/diario\/wp-json\/wp\/v2\/posts\/3144","targetHints":{"allow":["GET"]}}],"collection":[{"href":"https:\/\/areabadalona.com\/diario\/wp-json\/wp\/v2\/posts"}],"about":[{"href":"https:\/\/areabadalona.com\/diario\/wp-json\/wp\/v2\/types\/post"}],"author":[{"embeddable":true,"href":"https:\/\/areabadalona.com\/diario\/wp-json\/wp\/v2\/users\/2"}],"replies":[{"embeddable":true,"href":"https:\/\/areabadalona.com\/diario\/wp-json\/wp\/v2\/comments?post=3144"}],"version-history":[{"count":1,"href":"https:\/\/areabadalona.com\/diario\/wp-json\/wp\/v2\/posts\/3144\/revisions"}],"predecessor-version":[{"id":3146,"href":"https:\/\/areabadalona.com\/diario\/wp-json\/wp\/v2\/posts\/3144\/revisions\/3146"}],"wp:featuredmedia":[{"embeddable":true,"href":"https:\/\/areabadalona.com\/diario\/wp-json\/wp\/v2\/media\/3145"}],"wp:attachment":[{"href":"https:\/\/areabadalona.com\/diario\/wp-json\/wp\/v2\/media?parent=3144"}],"wp:term":[{"taxonomy":"category","embeddable":true,"href":"https:\/\/areabadalona.com\/diario\/wp-json\/wp\/v2\/categories?post=3144"},{"taxonomy":"post_tag","embeddable":true,"href":"https:\/\/areabadalona.com\/diario\/wp-json\/wp\/v2\/tags?post=3144"}],"curies":[{"name":"wp","href":"https:\/\/api.w.org\/{rel}","templated":true}]}}