{"id":3141,"date":"2022-03-02T12:33:22","date_gmt":"2022-03-02T12:33:22","guid":{"rendered":"http:\/\/areabadalona.com\/diario\/?p=3141"},"modified":"2022-03-02T12:33:23","modified_gmt":"2022-03-02T12:33:23","slug":"badalona-torna-a-ser-el-primer-escenari-de-les-curses-ponle-freno","status":"publish","type":"post","link":"https:\/\/areabadalona.com\/diario\/2022\/03\/02\/badalona-torna-a-ser-el-primer-escenari-de-les-curses-ponle-freno\/","title":{"rendered":"Badalona torna a ser el primer escenari de les curses Ponle  Freno\u00a0"},"content":{"rendered":"\n<p>L\u2019alcalde de Badalona, Rub\u00e9n Guijarro, ha participat avui a Madrid en l\u2019acte de presentaci\u00f3 del circuit de curses Ponle Freno que tindr\u00e0 lloc a 9 ciutats diferents. Badalona, el diumenge 27 de mar\u00e7, ser\u00e0 la primera cita d\u2019aquest esdeveniment, organitzat la Fundaci\u00f3 Atresmedia, que pret\u00e9n conscienciar sobre la seguretat vial i que destina la recaptaci\u00f3 al suport de les v\u00edctimes de tr\u00e0nsit.&nbsp;<\/p>\n\n\n\n<p>Aquesta edici\u00f3 de l\u2019any 2022 torna a la presencialitat despr\u00e9s que l\u2019any passat la cura Ponle Freno a Badalona va ser virtual durant el cap de setmana del 19 i el 20 de juny. La cursa a Badalona tindr\u00e0 dos circuits de 5 o 10 quil\u00f2metres.&nbsp;<\/p>\n\n\n\n<p>Badalona obrir\u00e0 el circuit de curses el 27 de mar\u00e7 per continuar Val\u00e8ncia (24 d\u2019abril), Saragossa (8 de maig), M\u00e0laga (11 de juny), Pontevedra (18 de juny), Vit\u00f2ria (11 de setembre), Santander (25 de setembre), Madrid (20 de novembre) i Las Palmas de Gran Can\u00e0ries (18 de desembre).&nbsp;<\/p>\n\n\n\n<p>Aquest mat\u00ed s&#8217;ha presentat el Circuit de Curses de Ponle Freno en una roda de premsa que ha comptat amb la pres\u00e8ncia de Josep Alfonso, director Fundaci\u00f3 AXA; Pablo L\u00f3pez-Barajas, director d&#8217;Atresmedia Eventos; Sagrari de l&#8217;Azuela, gerent Hospital Nacional de Parapl\u00e8gics de Toledo; Cristina Garc\u00eda, regidora d&#8217;Esports de l\u2019Ajuntament de Saragossa; Tino Fern\u00e1ndez, tinent alcalde del Concello de Pontevedra; Josu\u00e9 \u00cd\u00f1iguez Ollero, regidor delegat de Seguretat i Emerg\u00e8ncies Ajuntament Las Palmas de Gran Can\u00e0ria; Alberto Tom\u00e9 Gonz\u00e1lez, viceconseller d&#8217;Esports de la Comunitat de Madrid; Rub\u00e9n Guijarro, batlle de l&#8217;Ajuntament Badalona; Ignacio G\u00f3mez Camarero, gerent de M\u00e0laga Esports i Esdeveniments; Borja Santamar\u00eda, director gerent Fundaci\u00f3 Esportiva Municipal de l&#8217;Ajuntament de Val\u00e8ncia; Gema Igual, alcaldessa de l&#8217;Ajuntament de Santander; i Alejandro Vicario, director general Grup CGA. A la presentaci\u00f3 tamb\u00e9 han assistit el campi\u00f3 del m\u00f3n de marat\u00f3, Mart\u00edn Fiz, i el periodista d\u2019Antena 3, Manu S\u00e1nchez, com abaixadors de les curses.&nbsp;<\/p>\n\n\n\n<p>L\u2019alcalde, Rub\u00e9n Guijarro, ha destacat en la roda de premsa que \u201cdes del primer moment a Badalona hem estat compromesos en formar part d\u2019aquesta iniciativa solid\u00e0ria i impulsar la seguretat vial com a la millor forma de prevenir els accidents de tr\u00e0nsit i les seves greus conseq\u00fc\u00e8ncies\u201d. A m\u00e9s, \u201cel fet que Badalona torni a ser, com ja va passar l\u2019any 2019, la primera ciutat del circuit Ponle Freno, ens fa sentir-nos orgullosos i orgulloses de la Badalona en positiu, de veure que som una ciutat bolcada amb l\u2019esport i desitjant poder tornar a mostrar als milers de participants i als seus acompanyants els atractius d\u2019aquesta ciutat\u201d, ha concl\u00f2s l\u2019alcalde.\u00a0<\/p>\n\n\n\n<p>Inscripcions en el seg\u00fcent <a href=\"https:\/\/www.rockthesport.com\/es\/evento\/ponle-freno-badalona-2022\" target=\"_blank\" rel=\"noreferrer noopener\">enlla\u00e7<\/a><a href=\"https:\/\/www.rockthesport.com\/es\/evento\/ponle-freno-badalona-2022\">.<\/a><\/p>\n","protected":false},"excerpt":{"rendered":"<p>L\u2019alcalde de Badalona, Rub\u00e9n Guijarro, ha participat avui a Madrid en l\u2019acte de presentaci\u00f3 del circuit de curses Ponle Freno que tindr\u00e0 lloc a 9 ciutats diferents. Badalona, el diumenge 27 de mar\u00e7, ser\u00e0 la primera cita d\u2019aquest esdeveniment, organitzat la Fundaci\u00f3 Atresmedia, que pret\u00e9n conscienciar sobre la seguretat vial i que destina la recaptaci\u00f3 [&hellip;]<\/p>\n","protected":false},"author":2,"featured_media":3142,"comment_status":"open","ping_status":"open","sticky":false,"template":"","format":"standard","meta":{"footnotes":""},"categories":[26],"tags":[],"class_list":{"0":"post-3141","1":"post","2":"type-post","3":"status-publish","4":"format-standard","5":"has-post-thumbnail","7":"category-esports"},"_links":{"self":[{"href":"https:\/\/areabadalona.com\/diario\/wp-json\/wp\/v2\/posts\/3141","targetHints":{"allow":["GET"]}}],"collection":[{"href":"https:\/\/areabadalona.com\/diario\/wp-json\/wp\/v2\/posts"}],"about":[{"href":"https:\/\/areabadalona.com\/diario\/wp-json\/wp\/v2\/types\/post"}],"author":[{"embeddable":true,"href":"https:\/\/areabadalona.com\/diario\/wp-json\/wp\/v2\/users\/2"}],"replies":[{"embeddable":true,"href":"https:\/\/areabadalona.com\/diario\/wp-json\/wp\/v2\/comments?post=3141"}],"version-history":[{"count":1,"href":"https:\/\/areabadalona.com\/diario\/wp-json\/wp\/v2\/posts\/3141\/revisions"}],"predecessor-version":[{"id":3143,"href":"https:\/\/areabadalona.com\/diario\/wp-json\/wp\/v2\/posts\/3141\/revisions\/3143"}],"wp:featuredmedia":[{"embeddable":true,"href":"https:\/\/areabadalona.com\/diario\/wp-json\/wp\/v2\/media\/3142"}],"wp:attachment":[{"href":"https:\/\/areabadalona.com\/diario\/wp-json\/wp\/v2\/media?parent=3141"}],"wp:term":[{"taxonomy":"category","embeddable":true,"href":"https:\/\/areabadalona.com\/diario\/wp-json\/wp\/v2\/categories?post=3141"},{"taxonomy":"post_tag","embeddable":true,"href":"https:\/\/areabadalona.com\/diario\/wp-json\/wp\/v2\/tags?post=3141"}],"curies":[{"name":"wp","href":"https:\/\/api.w.org\/{rel}","templated":true}]}}