{"id":3106,"date":"2022-02-17T11:22:00","date_gmt":"2022-02-17T11:22:00","guid":{"rendered":"http:\/\/areabadalona.com\/diario\/?p=3106"},"modified":"2022-02-18T11:22:59","modified_gmt":"2022-02-18T11:22:59","slug":"lajuntament-publica-la-guia-dinformacio-educativa-de-badalona-per-al-curs-2022-2023","status":"publish","type":"post","link":"https:\/\/areabadalona.com\/diario\/2022\/02\/17\/lajuntament-publica-la-guia-dinformacio-educativa-de-badalona-per-al-curs-2022-2023\/","title":{"rendered":"L\u2019Ajuntament publica la Guia d&#8217;informaci\u00f3 educativa de Badalona  per al curs 2022-2023\u00a0"},"content":{"rendered":"\n<p>L\u2019Ajuntament de Badalona ha publicat la Guia d&#8217;informaci\u00f3 educativa de Badalona per al Curs 2022-2023, una eina que edita el Servei d&#8217;Educaci\u00f3 a trav\u00e9s de l&#8217;Oficina Municipal d&#8217;Escolaritzaci\u00f3 (OME) on s&#8217;informa de tots els centres educatius de la ciutat i de l\u2019oferta formativa municipal en totes les etapes educatives (escoles bressol, llars d&#8217;infants, infantil, prim\u00e0ria, centres d&#8217;educaci\u00f3 especial, ESO, batxillerat, educaci\u00f3 postobligat\u00f2ria, formaci\u00f3 de persones adultes, estudis universitaris i altres ensenyaments).&nbsp;<\/p>\n\n\n\n<p>La guia ofereix a la ciutadania un mapa clar de l&#8217;oferta educativa municipal i recull informaci\u00f3 molt \u00fatil per a les fam\u00edlies que per primera vegada han de triar una escola o institut, com per exemple les dades relatives als horaris, al servei d&#8217;acollida, l&#8217;equipament, l&#8217;oferta educativa o els projectes singulars, entre altres q\u00fcestions. &nbsp;<\/p>\n\n\n\n<p>Amb aquesta eina es vol facilitar a les fam\u00edlies el proc\u00e9s previ a la preinscripci\u00f3 escolar, que enguany es far\u00e0 entre 7 i el 21 de mar\u00e7 per al segon cicle d&#8217;educaci\u00f3 infantil i prim\u00e0ria; i del 9 al 21 de mar\u00e7 per a l\u2019alumnat d\u2019educaci\u00f3 secund\u00e0ria. &nbsp;<\/p>\n\n\n\n<p>Podeu consultar la Guia d&#8217;informaci\u00f3 educativa de Badalona <a href=\"http:\/\/badalona.cat\/portalWeb\/badalona.portal?_nfpb=true&amp;_pageLabel=contingut_estatic&amp;dCollectionID=722#wlp_contingut_estatic\">a l\u2019apartat de l\u2019Oficina Municipal d&#8217;Escolaritzaci\u00f3 de la p\u00e0gina web de l&#8217;Ajuntament<\/a>.&nbsp;<\/p>\n\n\n\n<p>La segona tinenta d\u2019alcaldia i regidora de l\u2019\u00c0mbit d\u2019Educaci\u00f3, A\u00efda Llaurad\u00f3, ha manifestat que \u00aba Badalona disposem d\u2019una xarxa d&#8217;instituts i escoles molt potent i amb una oferta educativa molt \u00e0mplia\u201d i ha destacat que \u201ca la bona &nbsp;qualitat dels centres s\u2019afegeix el paper clau i el treball constant d\u2019una comunitat educativa molt implicada en la millora di\u00e0ria de les condicions de l\u2019educaci\u00f3 a la ciutat\u00bb. &nbsp;<\/p>\n","protected":false},"excerpt":{"rendered":"<p>L\u2019Ajuntament de Badalona ha publicat la Guia d&#8217;informaci\u00f3 educativa de Badalona per al Curs 2022-2023, una eina que edita el Servei d&#8217;Educaci\u00f3 a trav\u00e9s de l&#8217;Oficina Municipal d&#8217;Escolaritzaci\u00f3 (OME) on s&#8217;informa de tots els centres educatius de la ciutat i de l\u2019oferta formativa municipal en totes les etapes educatives (escoles bressol, llars d&#8217;infants, infantil, prim\u00e0ria, [&hellip;]<\/p>\n","protected":false},"author":2,"featured_media":3107,"comment_status":"open","ping_status":"open","sticky":false,"template":"","format":"standard","meta":{"footnotes":""},"categories":[23],"tags":[],"class_list":{"0":"post-3106","1":"post","2":"type-post","3":"status-publish","4":"format-standard","5":"has-post-thumbnail","7":"category-actualitat"},"_links":{"self":[{"href":"https:\/\/areabadalona.com\/diario\/wp-json\/wp\/v2\/posts\/3106","targetHints":{"allow":["GET"]}}],"collection":[{"href":"https:\/\/areabadalona.com\/diario\/wp-json\/wp\/v2\/posts"}],"about":[{"href":"https:\/\/areabadalona.com\/diario\/wp-json\/wp\/v2\/types\/post"}],"author":[{"embeddable":true,"href":"https:\/\/areabadalona.com\/diario\/wp-json\/wp\/v2\/users\/2"}],"replies":[{"embeddable":true,"href":"https:\/\/areabadalona.com\/diario\/wp-json\/wp\/v2\/comments?post=3106"}],"version-history":[{"count":1,"href":"https:\/\/areabadalona.com\/diario\/wp-json\/wp\/v2\/posts\/3106\/revisions"}],"predecessor-version":[{"id":3108,"href":"https:\/\/areabadalona.com\/diario\/wp-json\/wp\/v2\/posts\/3106\/revisions\/3108"}],"wp:featuredmedia":[{"embeddable":true,"href":"https:\/\/areabadalona.com\/diario\/wp-json\/wp\/v2\/media\/3107"}],"wp:attachment":[{"href":"https:\/\/areabadalona.com\/diario\/wp-json\/wp\/v2\/media?parent=3106"}],"wp:term":[{"taxonomy":"category","embeddable":true,"href":"https:\/\/areabadalona.com\/diario\/wp-json\/wp\/v2\/categories?post=3106"},{"taxonomy":"post_tag","embeddable":true,"href":"https:\/\/areabadalona.com\/diario\/wp-json\/wp\/v2\/tags?post=3106"}],"curies":[{"name":"wp","href":"https:\/\/api.w.org\/{rel}","templated":true}]}}