{"id":3104,"date":"2022-02-17T11:17:00","date_gmt":"2022-02-17T11:17:00","guid":{"rendered":"http:\/\/areabadalona.com\/diario\/?p=3104"},"modified":"2022-02-18T11:18:48","modified_gmt":"2022-02-18T11:18:48","slug":"lajuntament-de-badalona-contractara-durant-sis-mesos-54-persones-en-situacio-datur-que-resideixen-a-la-ciutat","status":"publish","type":"post","link":"https:\/\/areabadalona.com\/diario\/2022\/02\/17\/lajuntament-de-badalona-contractara-durant-sis-mesos-54-persones-en-situacio-datur-que-resideixen-a-la-ciutat\/","title":{"rendered":"L\u2019Ajuntament de Badalona contractar\u00e0 durant sis mesos 54 persones  en situaci\u00f3 d\u2019atur que resideixen a la ciutat \u00a0"},"content":{"rendered":"\n<p>L\u2019Ajuntament de Badalona ha posat en marxa el programa d\u2019experi\u00e8ncia laboral \u2018Treball als Barris\u2019 per contractar durant 6 mesos a temps complet a 54 persones en situaci\u00f3 d\u2019atur que resideixin als barris de La Pau, La Salut, Llefi\u00e0, Sant Roc, el Remei i Artigues. Les persones que es seleccionin desenvoluparan tasques de suport en la millora d&#8217;edificis municipals, escoles, equipaments culturals, instal\u00b7lacions esportives, espais p\u00fablics i zones verdes, aix\u00ed com de refor\u00e7 als serveis socials i culturals dels barris de la zona sud de Badalona.&nbsp; &nbsp;<\/p>\n\n\n\n<p>Entre el 2 i 3 de mar\u00e7 de 2022 el servei municipal d\u2019Ocupaci\u00f3 IMPO es posar\u00e0 en contacte amb aquelles persones que compleixin amb els requisits administratius i amb el perfil del lloc de treball, segons&nbsp; les dades facilitades per les Oficines de Treball del municipi, per tal de rebre les indicacions del proc\u00e9s de selecci\u00f3, que es far\u00e0 durant la segona quinzena de mar\u00e7. Les persones que finalment es seleccionin comen\u00e7aran a treballar durant el mes d\u2019abril. &nbsp;<\/p>\n\n\n\n<p>Els detalls del programa \u2018Treballs al Barris\u2019 es poden consultar <a href=\"http:\/\/badalona.cat\/portalWeb\/badalona.portal?_nfpb=true&amp;_pageLabel=contingut_estatic&amp;dCollectionID=4516#wlp_contingut_estatic\">al web municipal<\/a>. Per qualsevol consulta referent a la convocat\u00f2ria podeu trucar al fins al 24 de febrer al tel\u00e8fon 93 460 52 00, de 9 a 14 hores. &nbsp;<\/p>\n\n\n\n<p>El primer tinent d\u2019alcalde i regidor d&#8217;Impuls de Ciutat i Reconstrucci\u00f3 COVID, \u00c0lex Montorn\u00e8s ha destacat la import\u00e0ncia d\u2019impulsar programes d\u2019experi\u00e8ncia laboral com \u2018Treball als Barris\u2019 \u201cper fomentar la contractaci\u00f3 de persones que es troben a l\u2019atur en zones de la ciutat que tenen taxes de desocupaci\u00f3 m\u00e9s alta\u201d. \u201cPer al Govern municipal \u00e9s prioritari adoptar mesures que contribueixin a incrementar l\u2019ocupaci\u00f3 i a afavorir la contractaci\u00f3 de ve\u00efns i ve\u00efnes de Badalona\u201d.&nbsp; &nbsp;<\/p>\n","protected":false},"excerpt":{"rendered":"<p>L\u2019Ajuntament de Badalona ha posat en marxa el programa d\u2019experi\u00e8ncia laboral \u2018Treball als Barris\u2019 per contractar durant 6 mesos a temps complet a 54 persones en situaci\u00f3 d\u2019atur que resideixin als barris de La Pau, La Salut, Llefi\u00e0, Sant Roc, el Remei i Artigues. Les persones que es seleccionin desenvoluparan tasques de suport en la [&hellip;]<\/p>\n","protected":false},"author":2,"featured_media":2034,"comment_status":"open","ping_status":"open","sticky":false,"template":"","format":"standard","meta":{"footnotes":""},"categories":[23,24],"tags":[],"class_list":{"0":"post-3104","1":"post","2":"type-post","3":"status-publish","4":"format-standard","5":"has-post-thumbnail","7":"category-actualitat","8":"category-societat"},"_links":{"self":[{"href":"https:\/\/areabadalona.com\/diario\/wp-json\/wp\/v2\/posts\/3104","targetHints":{"allow":["GET"]}}],"collection":[{"href":"https:\/\/areabadalona.com\/diario\/wp-json\/wp\/v2\/posts"}],"about":[{"href":"https:\/\/areabadalona.com\/diario\/wp-json\/wp\/v2\/types\/post"}],"author":[{"embeddable":true,"href":"https:\/\/areabadalona.com\/diario\/wp-json\/wp\/v2\/users\/2"}],"replies":[{"embeddable":true,"href":"https:\/\/areabadalona.com\/diario\/wp-json\/wp\/v2\/comments?post=3104"}],"version-history":[{"count":1,"href":"https:\/\/areabadalona.com\/diario\/wp-json\/wp\/v2\/posts\/3104\/revisions"}],"predecessor-version":[{"id":3105,"href":"https:\/\/areabadalona.com\/diario\/wp-json\/wp\/v2\/posts\/3104\/revisions\/3105"}],"wp:featuredmedia":[{"embeddable":true,"href":"https:\/\/areabadalona.com\/diario\/wp-json\/wp\/v2\/media\/2034"}],"wp:attachment":[{"href":"https:\/\/areabadalona.com\/diario\/wp-json\/wp\/v2\/media?parent=3104"}],"wp:term":[{"taxonomy":"category","embeddable":true,"href":"https:\/\/areabadalona.com\/diario\/wp-json\/wp\/v2\/categories?post=3104"},{"taxonomy":"post_tag","embeddable":true,"href":"https:\/\/areabadalona.com\/diario\/wp-json\/wp\/v2\/tags?post=3104"}],"curies":[{"name":"wp","href":"https:\/\/api.w.org\/{rel}","templated":true}]}}