{"id":3095,"date":"2022-02-16T11:11:00","date_gmt":"2022-02-16T11:11:00","guid":{"rendered":"http:\/\/areabadalona.com\/diario\/?p=3095"},"modified":"2022-02-18T11:12:49","modified_gmt":"2022-02-18T11:12:49","slug":"el-govern-municipal-proposa-fer-una-modificacio-urbanistica-perque-locals-comercials-tancats-des-de-fa-anys-puguin-convertir-se-en-habitatges-socials","status":"publish","type":"post","link":"https:\/\/areabadalona.com\/diario\/2022\/02\/16\/el-govern-municipal-proposa-fer-una-modificacio-urbanistica-perque-locals-comercials-tancats-des-de-fa-anys-puguin-convertir-se-en-habitatges-socials\/","title":{"rendered":"El Govern municipal proposa fer una modificaci\u00f3 urban\u00edstica perqu\u00e8  locals comercials tancats des de fa anys puguin convertir-se en habitatges  socials\u00a0"},"content":{"rendered":"\n<p>El Govern municipal portar\u00e0 al Ple ordinari d\u2019aquest pr\u00f2xim dimarts 22 de febrer un dictamen que proposa aprovar inicialment una modificaci\u00f3 urban\u00edstica que possibiliti que locals comercials tancats des de fa anys perqu\u00e8 no tenen sortida comercial puguin convertir-se en habitatges socials. L\u2019Ajuntament autoritzar\u00e0 \u00fanicament el canvi d\u2019\u00fas, de comercial a habitatge, d\u2019aquests locals buits situats en planta baixa si es transformen en habitatges de protecci\u00f3 p\u00fablica.&nbsp;<\/p>\n\n\n\n<p>Aquesta modificaci\u00f3 s\u2019aplicar\u00e0 en determinades zones de la ciutat on actualment no \u00e9s possible aquest canvi d\u2019\u00fas a habitatge protegit en tractar-se de locals constru\u00efts amb anterioritat al Pla General Metropolit\u00e0 (PGM). D\u2019aquesta manera s\u2019atorgaran nous usos a locals comercials que estan buits i es podr\u00e0 donar resposta a la demanda d\u2019habitatge a preu assequible a la ciutat.&nbsp;<\/p>\n\n\n\n<p>Les zones de la ciutat que es podrien acollir a aquesta modificaci\u00f3 de les normes urban\u00edstiques del PGM es troben situades en diferents barris de la ciutat com Llefi\u00e0, Can Claris, Lloreda, Sant Roc, Congr\u00e9s, Canyad\u00f3, La Salut i Pomar, entre altres.&nbsp;<\/p>\n\n\n\n<p>L\u2019alcalde de Badalona, Rub\u00e9n Guijarro, ha explicat que potencialment amb aquesta modificaci\u00f3 urban\u00edstica es poden arribar a incorporar al mercat uns 1.000 nous habitatges socials, aproximadament. \u201cLa proposta no comporta cap augment de sostre edificable ni de densitat i tampoc implica cap afectaci\u00f3 per als eixos comercials de la ciutat. L\u2019objectiu \u00e9s incrementar l\u2019oferta d\u2019habitatge social i fer front a la problem\u00e0tica dels locals buits en diverses zones de la ciutat\u201d, ha indicat Guijarro. \u201cSi un propietari d\u2019un local tancat des de fa molts anys vol posar-lo en el mercat, l\u2019Ajuntament autoritzar\u00e0 el canvi d\u2019\u00fas sempre i quan es transformi en habitatge de protecci\u00f3 p\u00fablica ja que creiem que aquesta mesura pot actuar alhora com un element de vertebraci\u00f3 urbana i de cohesi\u00f3 social\u201d, ha afegit l\u2019alcalde.&nbsp;<\/p>\n\n\n\n<p>Un cop el dictamen compti amb l\u2019aprovaci\u00f3 inicial i la provisional per part del Ple de l\u2019Ajuntament de Badalona, la proposta de modificaci\u00f3 passar\u00e0 a la Comissi\u00f3 Territorial d\u2019Urbanisme de la Generalitat. Quan aquesta modificaci\u00f3 del PGM estigui aprovada definitivament, l\u2019Ajuntament podr\u00e0 autoritzar el canvi d\u2019\u00fas dels locals mitjan\u00e7ant la tramitaci\u00f3 d\u2019un pla especial. Cada pla especial per a l\u2019autoritzaci\u00f3 de l\u2019\u00fas d\u2019habitatge protegit es tramitar\u00e0 individualment, analitzant cas a cas si s\u2019admet a tr\u00e0mit. &nbsp;<\/p>\n","protected":false},"excerpt":{"rendered":"<p>El Govern municipal portar\u00e0 al Ple ordinari d\u2019aquest pr\u00f2xim dimarts 22 de febrer un dictamen que proposa aprovar inicialment una modificaci\u00f3 urban\u00edstica que possibiliti que locals comercials tancats des de fa anys perqu\u00e8 no tenen sortida comercial puguin convertir-se en habitatges socials. L\u2019Ajuntament autoritzar\u00e0 \u00fanicament el canvi d\u2019\u00fas, de comercial a habitatge, d\u2019aquests locals buits [&hellip;]<\/p>\n","protected":false},"author":2,"featured_media":3096,"comment_status":"open","ping_status":"open","sticky":false,"template":"","format":"standard","meta":{"footnotes":""},"categories":[23,24],"tags":[],"class_list":{"0":"post-3095","1":"post","2":"type-post","3":"status-publish","4":"format-standard","5":"has-post-thumbnail","7":"category-actualitat","8":"category-societat"},"_links":{"self":[{"href":"https:\/\/areabadalona.com\/diario\/wp-json\/wp\/v2\/posts\/3095","targetHints":{"allow":["GET"]}}],"collection":[{"href":"https:\/\/areabadalona.com\/diario\/wp-json\/wp\/v2\/posts"}],"about":[{"href":"https:\/\/areabadalona.com\/diario\/wp-json\/wp\/v2\/types\/post"}],"author":[{"embeddable":true,"href":"https:\/\/areabadalona.com\/diario\/wp-json\/wp\/v2\/users\/2"}],"replies":[{"embeddable":true,"href":"https:\/\/areabadalona.com\/diario\/wp-json\/wp\/v2\/comments?post=3095"}],"version-history":[{"count":1,"href":"https:\/\/areabadalona.com\/diario\/wp-json\/wp\/v2\/posts\/3095\/revisions"}],"predecessor-version":[{"id":3097,"href":"https:\/\/areabadalona.com\/diario\/wp-json\/wp\/v2\/posts\/3095\/revisions\/3097"}],"wp:featuredmedia":[{"embeddable":true,"href":"https:\/\/areabadalona.com\/diario\/wp-json\/wp\/v2\/media\/3096"}],"wp:attachment":[{"href":"https:\/\/areabadalona.com\/diario\/wp-json\/wp\/v2\/media?parent=3095"}],"wp:term":[{"taxonomy":"category","embeddable":true,"href":"https:\/\/areabadalona.com\/diario\/wp-json\/wp\/v2\/categories?post=3095"},{"taxonomy":"post_tag","embeddable":true,"href":"https:\/\/areabadalona.com\/diario\/wp-json\/wp\/v2\/tags?post=3095"}],"curies":[{"name":"wp","href":"https:\/\/api.w.org\/{rel}","templated":true}]}}